{"id":13013,"date":"2019-05-23T16:58:00","date_gmt":"2019-05-23T14:58:00","guid":{"rendered":"https:\/\/www.mentorescale.be\/?p=13013"},"modified":"2024-10-30T13:48:56","modified_gmt":"2024-10-30T12:48:56","slug":"mijn-maatschappelijk-werker-heeft-me-veel-geholpen","status":"publish","type":"post","link":"https:\/\/www.mentorescale.be\/nl\/mijn-maatschappelijk-werker-heeft-me-veel-geholpen\/","title":{"rendered":"&#8220;Mijn maatschappelijk werker heeft me veel geholpen&#8221;"},"content":{"rendered":"\t\t<div data-elementor-type=\"wp-post\" data-elementor-id=\"13013\" class=\"elementor elementor-13013 elementor-5470\">\n\t\t\t\t\t\t\t\t\t<section class=\"elementor-section elementor-top-section elementor-element elementor-element-1236417 elementor-section-boxed elementor-section-height-default elementor-section-height-default\" data-id=\"1236417\" data-element_type=\"section\" data-settings=\"{&quot;_ha_eqh_enable&quot;:false}\">\n\t\t\t\t\t\t<div class=\"elementor-container elementor-column-gap-default\">\n\t\t\t\t\t<div class=\"elementor-column elementor-col-100 elementor-top-column elementor-element elementor-element-5b25f1a\" data-id=\"5b25f1a\" data-element_type=\"column\">\n\t\t\t<div class=\"elementor-widget-wrap elementor-element-populated\">\n\t\t\t\t\t\t\t\t<div class=\"elementor-element elementor-element-2bc684c elementor-widget elementor-widget-text-editor\" data-id=\"2bc684c\" data-element_type=\"widget\" data-widget_type=\"text-editor.default\">\n\t\t\t\t<div class=\"elementor-widget-container\">\n\t\t\t\t\t\t\t<p>T\u00e9moignage d&#8217;Omeed*, arriv\u00e9 seul d&#8217;Afghanistan en Belgique \u00e0 15 ans.<\/p>\t\t\t\t\t\t<\/div>\n\t\t\t\t<\/div>\n\t\t\t\t<div class=\"elementor-element elementor-element-21ed9d4 elementor-widget-divider--view-line elementor-widget elementor-widget-divider\" data-id=\"21ed9d4\" data-element_type=\"widget\" data-widget_type=\"divider.default\">\n\t\t\t\t<div class=\"elementor-widget-container\">\n\t\t\t\t\t<div class=\"elementor-divider\">\n\t\t\t<span class=\"elementor-divider-separator\">\n\t\t\t\t\t\t<\/span>\n\t\t<\/div>\n\t\t\t\t<\/div>\n\t\t\t\t<\/div>\n\t\t\t\t<div class=\"elementor-element elementor-element-bcb9886 elementor-widget elementor-widget-text-editor\" data-id=\"bcb9886\" data-element_type=\"widget\" data-widget_type=\"text-editor.default\">\n\t\t\t\t<div class=\"elementor-widget-container\">\n\t\t\t\t\t\t\t<p>J\u2019ai quitt\u00e9 l\u2019Afghanistan parce qu\u2019on avait des probl\u00e8mes avec les Talibans.<\/p><p>Mon papa \u00e9tait chef de la police dans le village. Ils ont envoy\u00e9 une lettre pour lui dire qu\u2019il devait arr\u00eater son travail et travailler pour eux, sinon ils allaient tuer notre famille. Ma famille avait peur et voulait qu\u2019il quitte la police (parce qu\u2019elle \u00e9tait quand m\u00eame corrompue). Mais mon p\u00e8re ne voulait pas trahir les gens du village, il avait des responsabilit\u00e9s vis-\u00e0-vis d\u2019eux.<\/p><p>Finalement, un jour, on a d\u00e9m\u00e9nag\u00e9 et on a \u00e9t\u00e9 vivre dans une autre ville. Mon papa avait un ami dont le fils voulait aller en Iran. J\u2019ai demand\u00e9 \u00e0 mon p\u00e8re si je pouvais partir aussi, et il m\u2019a dit oui, que ce serait mieux pour que je puisse \u00eatre en s\u00e9curit\u00e9. On est parti \u00e0 deux. En Iran, on a d\u00e9cid\u00e9 d\u2019aller en Europe. On a appel\u00e9 son papa qui a appel\u00e9 le mien. Il m\u2019a dit qu\u2019on pouvait partir. J\u2019avais 15 ans. On est pass\u00e9 par la Turquie, la Gr\u00e8ce, la Mac\u00e9doine, la Croatie, l\u2019Autriche, l\u2019Allemagne et on est arriv\u00e9 en Belgique.<\/p><p>Quand je suis arriv\u00e9 en Belgique, j\u2019ai appris que mon oncle \u00e9tait aussi en Belgique. On ne s\u2019\u00e9tait plus parl\u00e9 depuis que j\u2019\u00e9tais parti et on s\u2019est retrouv\u00e9 ici par hasard. J\u2019ai \u00e9t\u00e9 heureux de le revoir, mais en m\u00eame temps, c\u2019est \u00e0 ce moment-l\u00e0 que j\u2019ai appris que mon papa \u00e9tait mort. J\u2019ai d\u2019abord v\u00e9cu dans un centre d\u2019accueil pr\u00e8s de Saint-Vith o\u00f9 j\u2019ai appris l\u2019allemand. Ensuite, j\u2019ai \u00e9t\u00e9 dans un logement de transit de Mentor-Escale \u00e0 Bruxelles.<\/p><p>A Mentor-Escale, c\u2019\u00e9tait tr\u00e8s cool, j\u2019\u00e9tais tr\u00e8s content. Mon assistante sociale m\u2019a beaucoup aid\u00e9. Mon \u00e9ducateur venait une fois par semaine dans mon logement, il regardait si tout allait bien dans l\u2019appartement, et puis on discutait. J\u2019ai aussi re\u00e7u de l\u2019aide pour l\u2019\u00e9cole, pour le regroupement familial\u2026 Et j\u2019ai pu partir en camp de vacances en \u00e9t\u00e9, c\u2019\u00e9tait tr\u00e8s chouette\u00a0! On a nag\u00e9, jou\u00e9 au volleyball, au basket\u2026 C\u2019est vrai qu\u2019au d\u00e9but, quand je suis arriv\u00e9, j\u2019\u00e9tais tr\u00e8s timide. Apr\u00e8s \u00e7a a \u00e9t\u00e9 mieux. Je me suis fait de nouveaux amis.<\/p><p>Maintenant, je vis \u00e0 Anvers depuis 3 mois. J\u2019ai \u00e9t\u00e9 vivre \u00e0 Anvers pour pouvoir \u00eatre plus proche de mon oncle. Je passe du temps avec lui, parfois je vais jouer au foot avec des amis. Et je vais \u00e0 l\u2019\u00e9cole et j\u2019apprends le n\u00e9erlandais.<\/p><p>Les langues \u00e7a m\u2019int\u00e9resse beaucoup. Au pays, je parlais le dari et un peu de pachto. J\u2019ai aussi appris un peu d\u2019anglais en Afghanistan et en Belgique. Aujourd\u2019hui, j\u2019arrive \u00e0 comprendre le fran\u00e7ais, mais je trouve que je ne parle pas bien. Le n\u00e9erlandais, ce n\u2019est pas trop difficile, \u00e7a ressemble \u00e0 l\u2019allemand. Mais c\u2019est vrai que pour le moment, je m\u00e9lange beaucoup les deux langues\u2026<\/p><p>Apr\u00e8s l\u2019\u00e9cole, je voudrais apprendre la photographie. J\u2019ai commenc\u00e9 \u00e0 faire des photos en Afghanistan. On avait un petit appareil photo \u00e0 la maison. J\u2019aime beaucoup \u00e7a\u00a0!<\/p><p>C\u2019est vrai que Mentor-Escale me manque. Les gens qui travaillent ici sont tr\u00e8s gentils et tr\u00e8s respectueux avec les jeunes alors que parfois, dans des centres, il y avait des travailleurs qui \u00e9taient racistes\u2026 A Mentor-Escale j\u2019ai pu \u00eatre moi-m\u00eame.<\/p>\t\t\t\t\t\t<\/div>\n\t\t\t\t<\/div>\n\t\t\t\t<div class=\"elementor-element elementor-element-7e5d89c elementor-widget elementor-widget-text-editor\" data-id=\"7e5d89c\" data-element_type=\"widget\" data-widget_type=\"text-editor.default\">\n\t\t\t\t<div class=\"elementor-widget-container\">\n\t\t\t\t\t\t\t<p><em>*pr\u00e9nom d\u2019emprunt<\/em><\/p><p><em>Cet entretien s\u2019est d\u00e9roul\u00e9 en fran\u00e7ais et en allemand. Propos recueillis par Olivier Fagel et Sarah G\u00f6dert.<\/em><\/p>\t\t\t\t\t\t<\/div>\n\t\t\t\t<\/div>\n\t\t\t\t\t<\/div>\n\t\t<\/div>\n\t\t\t\t\t\t\t<\/div>\n\t\t<\/section>\n\t\t\t\t<section class=\"elementor-section elementor-top-section elementor-element elementor-element-d3fbcf6 elementor-section-boxed elementor-section-height-default elementor-section-height-default\" data-id=\"d3fbcf6\" data-element_type=\"section\" data-settings=\"{&quot;_ha_eqh_enable&quot;:false}\">\n\t\t\t\t\t\t<div class=\"elementor-container elementor-column-gap-default\">\n\t\t\t\t\t<div class=\"elementor-column elementor-col-100 elementor-top-column elementor-element elementor-element-50f2133\" data-id=\"50f2133\" data-element_type=\"column\">\n\t\t\t<div class=\"elementor-widget-wrap elementor-element-populated\">\n\t\t\t\t\t\t\t\t<div class=\"elementor-element elementor-element-e85120d elementor-list-item-link-inline elementor-align-center elementor-mobile-align-center elementor-icon-list--layout-traditional elementor-widget elementor-widget-icon-list\" data-id=\"e85120d\" data-element_type=\"widget\" data-widget_type=\"icon-list.default\">\n\t\t\t\t<div class=\"elementor-widget-container\">\n\t\t\t\t\t<ul class=\"elementor-icon-list-items\">\n\t\t\t\t\t\t\t<li class=\"elementor-icon-list-item\">\n\t\t\t\t\t\t\t\t\t\t\t<a href=\"https:\/\/www.mentorescale.be\/nl\/suivre-news\/\">\n\n\t\t\t\t\t\t\t\t\t\t\t\t<span class=\"elementor-icon-list-icon\">\n\t\t\t\t\t\t\t<i aria-hidden=\"true\" class=\"fas fa-arrow-circle-right\"><\/i>\t\t\t\t\t\t<\/span>\n\t\t\t\t\t\t\t\t\t\t<span class=\"elementor-icon-list-text\">Terug naar de \"News\" pagina<\/span>\n\t\t\t\t\t\t\t\t\t\t\t<\/a>\n\t\t\t\t\t\t\t\t\t<\/li>\n\t\t\t\t\t\t<\/ul>\n\t\t\t\t<\/div>\n\t\t\t\t<\/div>\n\t\t\t\t\t<\/div>\n\t\t<\/div>\n\t\t\t\t\t\t\t<\/div>\n\t\t<\/section>\n\t\t\t\t\t\t\t<\/div>\n\t\t","protected":false},"excerpt":{"rendered":"<p>T\u00e9moignage d&#8217;Omeed*, arriv\u00e9 seul d&#8217;Afghanistan en Belgique \u00e0 15 ans. J\u2019ai quitt\u00e9 l\u2019Afghanistan parce qu\u2019on avait des probl\u00e8mes avec les Talibans. Mon papa \u00e9tait chef de la police dans le village. Ils ont envoy\u00e9 une lettre pour lui dire qu\u2019il devait arr\u00eater son travail et travailler pour eux, sinon ils allaient tuer notre famille. Ma [&hellip;]<\/p>\n","protected":false},"author":5,"featured_media":13015,"comment_status":"open","ping_status":"open","sticky":false,"template":"","format":"standard","meta":{"_mi_skip_tracking":false,"_monsterinsights_sitenote_active":false,"_monsterinsights_sitenote_note":"","_monsterinsights_sitenote_category":0,"footnotes":""},"categories":[119],"tags":[],"yoast_head":"<!-- This site is optimized with the Yoast SEO plugin v21.4 - https:\/\/yoast.com\/wordpress\/plugins\/seo\/ -->\n<title>&quot;Mijn maatschappelijk werker heeft me veel geholpen&quot; - Mentor-Escale<\/title>\n<meta name=\"robots\" content=\"index, follow, max-snippet:-1, max-image-preview:large, max-video-preview:-1\" \/>\n<link rel=\"canonical\" href=\"https:\/\/www.mentorescale.be\/nl\/mijn-maatschappelijk-werker-heeft-me-veel-geholpen\/\" \/>\n<meta property=\"og:locale\" content=\"nl_NL\" \/>\n<meta property=\"og:type\" content=\"article\" \/>\n<meta property=\"og:title\" content=\"&quot;Mijn maatschappelijk werker heeft me veel geholpen&quot; - Mentor-Escale\" \/>\n<meta property=\"og:description\" content=\"T\u00e9moignage d&#8217;Omeed*, arriv\u00e9 seul d&#8217;Afghanistan en Belgique \u00e0 15 ans. J\u2019ai quitt\u00e9 l\u2019Afghanistan parce qu\u2019on avait des probl\u00e8mes avec les Talibans. Mon papa \u00e9tait chef de la police dans le village. Ils ont envoy\u00e9 une lettre pour lui dire qu\u2019il devait arr\u00eater son travail et travailler pour eux, sinon ils allaient tuer notre famille. Ma [&hellip;]\" \/>\n<meta property=\"og:url\" content=\"https:\/\/www.mentorescale.be\/nl\/mijn-maatschappelijk-werker-heeft-me-veel-geholpen\/\" \/>\n<meta property=\"og:site_name\" content=\"Mentor-Escale\" \/>\n<meta property=\"article:publisher\" content=\"https:\/\/www.facebook.com\/mentorescaleASBL\/\" \/>\n<meta property=\"article:published_time\" content=\"2019-05-23T14:58:00+00:00\" \/>\n<meta property=\"article:modified_time\" content=\"2024-10-30T12:48:56+00:00\" \/>\n<meta property=\"og:image\" content=\"https:\/\/www.mentorescale.be\/wp-content\/uploads\/2019\/05\/DSC00122_petit-e1558620733688.jpg\" \/>\n\t<meta property=\"og:image:width\" content=\"2160\" \/>\n\t<meta property=\"og:image:height\" content=\"1440\" \/>\n\t<meta property=\"og:image:type\" content=\"image\/jpeg\" \/>\n<meta name=\"author\" content=\"Arnaud Paquet\" \/>\n<meta name=\"twitter:card\" content=\"summary_large_image\" \/>\n<meta name=\"twitter:label1\" content=\"Geschreven door\" \/>\n\t<meta name=\"twitter:data1\" content=\"Arnaud Paquet\" \/>\n\t<meta name=\"twitter:label2\" content=\"Geschatte leestijd\" \/>\n\t<meta name=\"twitter:data2\" content=\"3 minuten\" \/>\n<script type=\"application\/ld+json\" class=\"yoast-schema-graph\">{\"@context\":\"https:\/\/schema.org\",\"@graph\":[{\"@type\":\"Article\",\"@id\":\"https:\/\/www.mentorescale.be\/nl\/mijn-maatschappelijk-werker-heeft-me-veel-geholpen\/#article\",\"isPartOf\":{\"@id\":\"https:\/\/www.mentorescale.be\/nl\/mijn-maatschappelijk-werker-heeft-me-veel-geholpen\/\"},\"author\":{\"name\":\"Arnaud Paquet\",\"@id\":\"https:\/\/www.mentorescale.be\/#\/schema\/person\/8df656cfcdc9d354ad1c81ef1cf60544\"},\"headline\":\"&#8220;Mijn maatschappelijk werker heeft me veel geholpen&#8221;\",\"datePublished\":\"2019-05-23T14:58:00+00:00\",\"dateModified\":\"2024-10-30T12:48:56+00:00\",\"mainEntityOfPage\":{\"@id\":\"https:\/\/www.mentorescale.be\/nl\/mijn-maatschappelijk-werker-heeft-me-veel-geholpen\/\"},\"wordCount\":651,\"commentCount\":0,\"publisher\":{\"@id\":\"https:\/\/www.mentorescale.be\/#organization\"},\"articleSection\":[\"Getuigenissen\"],\"inLanguage\":\"nl\",\"potentialAction\":[{\"@type\":\"CommentAction\",\"name\":\"Comment\",\"target\":[\"https:\/\/www.mentorescale.be\/nl\/mijn-maatschappelijk-werker-heeft-me-veel-geholpen\/#respond\"]}]},{\"@type\":\"WebPage\",\"@id\":\"https:\/\/www.mentorescale.be\/nl\/mijn-maatschappelijk-werker-heeft-me-veel-geholpen\/\",\"url\":\"https:\/\/www.mentorescale.be\/nl\/mijn-maatschappelijk-werker-heeft-me-veel-geholpen\/\",\"name\":\"\\\"Mijn maatschappelijk werker heeft me veel geholpen\\\" - Mentor-Escale\",\"isPartOf\":{\"@id\":\"https:\/\/www.mentorescale.be\/#website\"},\"datePublished\":\"2019-05-23T14:58:00+00:00\",\"dateModified\":\"2024-10-30T12:48:56+00:00\",\"breadcrumb\":{\"@id\":\"https:\/\/www.mentorescale.be\/nl\/mijn-maatschappelijk-werker-heeft-me-veel-geholpen\/#breadcrumb\"},\"inLanguage\":\"nl\",\"potentialAction\":[{\"@type\":\"ReadAction\",\"target\":[\"https:\/\/www.mentorescale.be\/nl\/mijn-maatschappelijk-werker-heeft-me-veel-geholpen\/\"]}]},{\"@type\":\"BreadcrumbList\",\"@id\":\"https:\/\/www.mentorescale.be\/nl\/mijn-maatschappelijk-werker-heeft-me-veel-geholpen\/#breadcrumb\",\"itemListElement\":[{\"@type\":\"ListItem\",\"position\":1,\"name\":\"Home\",\"item\":\"https:\/\/www.mentorescale.be\/\"},{\"@type\":\"ListItem\",\"position\":2,\"name\":\"&#8220;Mijn maatschappelijk werker heeft me veel geholpen&#8221;\"}]},{\"@type\":\"WebSite\",\"@id\":\"https:\/\/www.mentorescale.be\/#website\",\"url\":\"https:\/\/www.mentorescale.be\/\",\"name\":\"Mentor-Escale\",\"description\":\"Accompagnement pour jeunes exil\u00e9s\",\"publisher\":{\"@id\":\"https:\/\/www.mentorescale.be\/#organization\"},\"potentialAction\":[{\"@type\":\"SearchAction\",\"target\":{\"@type\":\"EntryPoint\",\"urlTemplate\":\"https:\/\/www.mentorescale.be\/?s={search_term_string}\"},\"query-input\":\"required name=search_term_string\"}],\"inLanguage\":\"nl\"},{\"@type\":\"Organization\",\"@id\":\"https:\/\/www.mentorescale.be\/#organization\",\"name\":\"Mentor-Escale\",\"url\":\"https:\/\/www.mentorescale.be\/\",\"logo\":{\"@type\":\"ImageObject\",\"inLanguage\":\"nl\",\"@id\":\"https:\/\/www.mentorescale.be\/#\/schema\/logo\/image\/\",\"url\":\"https:\/\/www.mentorescale.be\/wp-content\/uploads\/2021\/03\/PICTO_OISEAU-carre.png\",\"contentUrl\":\"https:\/\/www.mentorescale.be\/wp-content\/uploads\/2021\/03\/PICTO_OISEAU-carre.png\",\"width\":512,\"height\":512,\"caption\":\"Mentor-Escale\"},\"image\":{\"@id\":\"https:\/\/www.mentorescale.be\/#\/schema\/logo\/image\/\"},\"sameAs\":[\"https:\/\/www.facebook.com\/mentorescaleASBL\/\",\"https:\/\/www.instagram.com\/mentor_escale\/?hl=fr\",\"https:\/\/be.linkedin.com\/company\/mentor---escale\",\"https:\/\/www.youtube.com\/channel\/UCnw8NLnwqoNoSrkWv3b1Psw\/videos\"]},{\"@type\":\"Person\",\"@id\":\"https:\/\/www.mentorescale.be\/#\/schema\/person\/8df656cfcdc9d354ad1c81ef1cf60544\",\"name\":\"Arnaud Paquet\",\"url\":\"https:\/\/www.mentorescale.be\/nl\/author\/apaquet\/\"}]}<\/script>\n<!-- \/ Yoast SEO plugin. -->","yoast_head_json":{"title":"\"Mijn maatschappelijk werker heeft me veel geholpen\" - Mentor-Escale","robots":{"index":"index","follow":"follow","max-snippet":"max-snippet:-1","max-image-preview":"max-image-preview:large","max-video-preview":"max-video-preview:-1"},"canonical":"https:\/\/www.mentorescale.be\/nl\/mijn-maatschappelijk-werker-heeft-me-veel-geholpen\/","og_locale":"nl_NL","og_type":"article","og_title":"\"Mijn maatschappelijk werker heeft me veel geholpen\" - Mentor-Escale","og_description":"T\u00e9moignage d&#8217;Omeed*, arriv\u00e9 seul d&#8217;Afghanistan en Belgique \u00e0 15 ans. J\u2019ai quitt\u00e9 l\u2019Afghanistan parce qu\u2019on avait des probl\u00e8mes avec les Talibans. Mon papa \u00e9tait chef de la police dans le village. Ils ont envoy\u00e9 une lettre pour lui dire qu\u2019il devait arr\u00eater son travail et travailler pour eux, sinon ils allaient tuer notre famille. Ma [&hellip;]","og_url":"https:\/\/www.mentorescale.be\/nl\/mijn-maatschappelijk-werker-heeft-me-veel-geholpen\/","og_site_name":"Mentor-Escale","article_publisher":"https:\/\/www.facebook.com\/mentorescaleASBL\/","article_published_time":"2019-05-23T14:58:00+00:00","article_modified_time":"2024-10-30T12:48:56+00:00","og_image":[{"width":2160,"height":1440,"url":"https:\/\/www.mentorescale.be\/wp-content\/uploads\/2019\/05\/DSC00122_petit-e1558620733688.jpg","type":"image\/jpeg"}],"author":"Arnaud Paquet","twitter_card":"summary_large_image","twitter_misc":{"Geschreven door":"Arnaud Paquet","Geschatte leestijd":"3 minuten"},"schema":{"@context":"https:\/\/schema.org","@graph":[{"@type":"Article","@id":"https:\/\/www.mentorescale.be\/nl\/mijn-maatschappelijk-werker-heeft-me-veel-geholpen\/#article","isPartOf":{"@id":"https:\/\/www.mentorescale.be\/nl\/mijn-maatschappelijk-werker-heeft-me-veel-geholpen\/"},"author":{"name":"Arnaud Paquet","@id":"https:\/\/www.mentorescale.be\/#\/schema\/person\/8df656cfcdc9d354ad1c81ef1cf60544"},"headline":"&#8220;Mijn maatschappelijk werker heeft me veel geholpen&#8221;","datePublished":"2019-05-23T14:58:00+00:00","dateModified":"2024-10-30T12:48:56+00:00","mainEntityOfPage":{"@id":"https:\/\/www.mentorescale.be\/nl\/mijn-maatschappelijk-werker-heeft-me-veel-geholpen\/"},"wordCount":651,"commentCount":0,"publisher":{"@id":"https:\/\/www.mentorescale.be\/#organization"},"articleSection":["Getuigenissen"],"inLanguage":"nl","potentialAction":[{"@type":"CommentAction","name":"Comment","target":["https:\/\/www.mentorescale.be\/nl\/mijn-maatschappelijk-werker-heeft-me-veel-geholpen\/#respond"]}]},{"@type":"WebPage","@id":"https:\/\/www.mentorescale.be\/nl\/mijn-maatschappelijk-werker-heeft-me-veel-geholpen\/","url":"https:\/\/www.mentorescale.be\/nl\/mijn-maatschappelijk-werker-heeft-me-veel-geholpen\/","name":"\"Mijn maatschappelijk werker heeft me veel geholpen\" - Mentor-Escale","isPartOf":{"@id":"https:\/\/www.mentorescale.be\/#website"},"datePublished":"2019-05-23T14:58:00+00:00","dateModified":"2024-10-30T12:48:56+00:00","breadcrumb":{"@id":"https:\/\/www.mentorescale.be\/nl\/mijn-maatschappelijk-werker-heeft-me-veel-geholpen\/#breadcrumb"},"inLanguage":"nl","potentialAction":[{"@type":"ReadAction","target":["https:\/\/www.mentorescale.be\/nl\/mijn-maatschappelijk-werker-heeft-me-veel-geholpen\/"]}]},{"@type":"BreadcrumbList","@id":"https:\/\/www.mentorescale.be\/nl\/mijn-maatschappelijk-werker-heeft-me-veel-geholpen\/#breadcrumb","itemListElement":[{"@type":"ListItem","position":1,"name":"Home","item":"https:\/\/www.mentorescale.be\/"},{"@type":"ListItem","position":2,"name":"&#8220;Mijn maatschappelijk werker heeft me veel geholpen&#8221;"}]},{"@type":"WebSite","@id":"https:\/\/www.mentorescale.be\/#website","url":"https:\/\/www.mentorescale.be\/","name":"Mentor-Escale","description":"Accompagnement pour jeunes exil\u00e9s","publisher":{"@id":"https:\/\/www.mentorescale.be\/#organization"},"potentialAction":[{"@type":"SearchAction","target":{"@type":"EntryPoint","urlTemplate":"https:\/\/www.mentorescale.be\/?s={search_term_string}"},"query-input":"required name=search_term_string"}],"inLanguage":"nl"},{"@type":"Organization","@id":"https:\/\/www.mentorescale.be\/#organization","name":"Mentor-Escale","url":"https:\/\/www.mentorescale.be\/","logo":{"@type":"ImageObject","inLanguage":"nl","@id":"https:\/\/www.mentorescale.be\/#\/schema\/logo\/image\/","url":"https:\/\/www.mentorescale.be\/wp-content\/uploads\/2021\/03\/PICTO_OISEAU-carre.png","contentUrl":"https:\/\/www.mentorescale.be\/wp-content\/uploads\/2021\/03\/PICTO_OISEAU-carre.png","width":512,"height":512,"caption":"Mentor-Escale"},"image":{"@id":"https:\/\/www.mentorescale.be\/#\/schema\/logo\/image\/"},"sameAs":["https:\/\/www.facebook.com\/mentorescaleASBL\/","https:\/\/www.instagram.com\/mentor_escale\/?hl=fr","https:\/\/be.linkedin.com\/company\/mentor---escale","https:\/\/www.youtube.com\/channel\/UCnw8NLnwqoNoSrkWv3b1Psw\/videos"]},{"@type":"Person","@id":"https:\/\/www.mentorescale.be\/#\/schema\/person\/8df656cfcdc9d354ad1c81ef1cf60544","name":"Arnaud Paquet","url":"https:\/\/www.mentorescale.be\/nl\/author\/apaquet\/"}]}},"_links":{"self":[{"href":"https:\/\/www.mentorescale.be\/nl\/wp-json\/wp\/v2\/posts\/13013"}],"collection":[{"href":"https:\/\/www.mentorescale.be\/nl\/wp-json\/wp\/v2\/posts"}],"about":[{"href":"https:\/\/www.mentorescale.be\/nl\/wp-json\/wp\/v2\/types\/post"}],"author":[{"embeddable":true,"href":"https:\/\/www.mentorescale.be\/nl\/wp-json\/wp\/v2\/users\/5"}],"replies":[{"embeddable":true,"href":"https:\/\/www.mentorescale.be\/nl\/wp-json\/wp\/v2\/comments?post=13013"}],"version-history":[{"count":3,"href":"https:\/\/www.mentorescale.be\/nl\/wp-json\/wp\/v2\/posts\/13013\/revisions"}],"predecessor-version":[{"id":15696,"href":"https:\/\/www.mentorescale.be\/nl\/wp-json\/wp\/v2\/posts\/13013\/revisions\/15696"}],"wp:featuredmedia":[{"embeddable":true,"href":"https:\/\/www.mentorescale.be\/nl\/wp-json\/wp\/v2\/media\/13015"}],"wp:attachment":[{"href":"https:\/\/www.mentorescale.be\/nl\/wp-json\/wp\/v2\/media?parent=13013"}],"wp:term":[{"taxonomy":"category","embeddable":true,"href":"https:\/\/www.mentorescale.be\/nl\/wp-json\/wp\/v2\/categories?post=13013"},{"taxonomy":"post_tag","embeddable":true,"href":"https:\/\/www.mentorescale.be\/nl\/wp-json\/wp\/v2\/tags?post=13013"}],"curies":[{"name":"wp","href":"https:\/\/api.w.org\/{rel}","templated":true}]}}