{"id":13040,"date":"2016-12-08T17:05:00","date_gmt":"2016-12-08T16:05:00","guid":{"rendered":"https:\/\/www.mentorescale.be\/?p=13040"},"modified":"2024-10-30T13:49:00","modified_gmt":"2024-10-30T12:49:00","slug":"mentor-escale-is-een-familie-voor-velen","status":"publish","type":"post","link":"https:\/\/www.mentorescale.be\/nl\/mentor-escale-is-een-familie-voor-velen\/","title":{"rendered":"&#8220;Mentor-Escale is een familie voor velen&#8221;"},"content":{"rendered":"\t\t<div data-elementor-type=\"wp-post\" data-elementor-id=\"13040\" class=\"elementor elementor-13040 elementor-2491\">\n\t\t\t\t\t\t\t\t\t<section class=\"elementor-section elementor-top-section elementor-element elementor-element-d4d2a71 elementor-section-boxed elementor-section-height-default elementor-section-height-default\" data-id=\"d4d2a71\" data-element_type=\"section\" data-settings=\"{&quot;_ha_eqh_enable&quot;:false}\">\n\t\t\t\t\t\t<div class=\"elementor-container elementor-column-gap-default\">\n\t\t\t\t\t<div class=\"elementor-column elementor-col-100 elementor-top-column elementor-element elementor-element-40005dd\" data-id=\"40005dd\" data-element_type=\"column\">\n\t\t\t<div class=\"elementor-widget-wrap elementor-element-populated\">\n\t\t\t\t\t\t\t\t<div class=\"elementor-element elementor-element-7aeed7d elementor-widget elementor-widget-text-editor\" data-id=\"7aeed7d\" data-element_type=\"widget\" data-widget_type=\"text-editor.default\">\n\t\t\t\t<div class=\"elementor-widget-container\">\n\t\t\t\t\t\t\t<p>T\u00e9moignage de Sonia, arriv\u00e9e du Rwanda en Belgique \u00e0 15 ans avec son petit fr\u00e8re de 12 ans.<\/p>\t\t\t\t\t\t<\/div>\n\t\t\t\t<\/div>\n\t\t\t\t<div class=\"elementor-element elementor-element-d5b4b9d elementor-widget-divider--view-line elementor-widget elementor-widget-divider\" data-id=\"d5b4b9d\" data-element_type=\"widget\" data-widget_type=\"divider.default\">\n\t\t\t\t<div class=\"elementor-widget-container\">\n\t\t\t\t\t<div class=\"elementor-divider\">\n\t\t\t<span class=\"elementor-divider-separator\">\n\t\t\t\t\t\t<\/span>\n\t\t<\/div>\n\t\t\t\t<\/div>\n\t\t\t\t<\/div>\n\t\t\t\t<div class=\"elementor-element elementor-element-444d01d elementor-widget elementor-widget-text-editor\" data-id=\"444d01d\" data-element_type=\"widget\" data-widget_type=\"text-editor.default\">\n\t\t\t\t<div class=\"elementor-widget-container\">\n\t\t\t\t\t\t\t<p>J\u2019ai 21 ans et je suis \u00e9tudiante en BAC 1 dans une Ecole d\u2019infirmi\u00e8re en Wallonie<br \/>J\u2019ai quitt\u00e9 mon pays de naissance, le Rwanda, il y a 6 ans \u00e0 cause des probl\u00e8mes politiques que vivaient mon p\u00e8re. Je suis arriv\u00e9e avec mon petit fr\u00e8re qui avait 12 ans \u00e0 l\u2019\u00e9poque.<\/p><p>Notre arriv\u00e9e en Belgique n\u2019a pas \u00e9t\u00e9 facile \u00e0 vivre : \u00eatre loin de notre pays, ne plus avoir de nouvelles de notre famille, vivre dans un autre environnement, une nouvelle culture, apprendre le fran\u00e7ais, rencontrer des inconnus et devoir leur faire confiance, ignorer tout de l\u2019avenir, \u2026 la liste est encore longue ! Mais on nous d\u00e9sign\u00e9 un chouette tuteur, et nous avons \u00e9galement \u00e9t\u00e9 aid\u00e9s par une excellente avocate. Gr\u00e2ce \u00e0 leur d\u00e9vouement et \u00e0 leur bonne volont\u00e9 nous avons finalement \u00e9t\u00e9 reconnus r\u00e9fugi\u00e9s.<\/p><p>Par la suite, notre tuteur nous a parl\u00e9 de Mentor-Escale. C\u2019est un ASBL qui aide les Mineurs \u00c9trangers au niveau administratif, social et psychologique. Mentor-Escale nous a trouv\u00e9 un logement de transit d\u00e8s la sortie du centre et nous a permis d\u2019\u00eatre aid\u00e9s par une assistante sociale pour le suivi administratif, par un \u00e9ducateur pour les questions de la vie \u00e0 de tous les jours, par un animateur pour les activit\u00e9s extrascolaires et par d\u2019\u00eatre suivi dans notre scolarit\u00e9. C\u2019est un cadre bien organis\u00e9 et on fait \u00e9galement des rencontres avec d\u2019autres jeunes. Mentor-Escale, c\u2019est une famille pour beaucoup.<\/p><p>Lorsque nous avons d\u00fb quitter le logement de transit que nous occupions, Mentor-Escale nous a aid\u00e9 \u00e0 trouver un appartement \u00e0 Bruxelles et nous a accompagn\u00e9 pour rencontrer la propri\u00e9taire. Celle-ci a \u00e9t\u00e9 d\u2019accord de nous louer l\u2019appartement et nous avons ainsi pu emm\u00e9nager dans un endroit calme qui nous a permis de poursuivre nos \u00e9tudes tout en continuant \u00e0 b\u00e9n\u00e9ficier du soutien des \u00e9ducateurs et de notre assistante sociale. Mon petit fr\u00e8re a d\u2019ailleurs r\u00e9ussi sa quatri\u00e8me ann\u00e9e d\u2019humanit\u00e9 g\u00e9n\u00e9rale et est maintenant en 5e ann\u00e9e.<\/p><p>R\u00e9cemment nous avons encore d\u00e9m\u00e9nag\u00e9 parce que j\u2019ai commenc\u00e9 une formation d\u2019infirmi\u00e8re dans une autre ville. Mentor-Escale a trouv\u00e9 un autre locataire pour reprendre notre appartement et a trouv\u00e9 un studio pour mon petit fr\u00e8re afin qu\u2019il puisse rester \u00e0 Bruxelles.<\/p><p>Ils sont toujours \u00e0 nos c\u00f4t\u00e9 dans les moments difficiles, les changements mais aussi pour partager nos joies et nos r\u00e9ussites.<\/p>\t\t\t\t\t\t<\/div>\n\t\t\t\t<\/div>\n\t\t\t\t\t<\/div>\n\t\t<\/div>\n\t\t\t\t\t\t\t<\/div>\n\t\t<\/section>\n\t\t\t\t<section class=\"elementor-section elementor-top-section elementor-element elementor-element-adfd199 elementor-section-boxed elementor-section-height-default elementor-section-height-default\" data-id=\"adfd199\" data-element_type=\"section\" data-settings=\"{&quot;_ha_eqh_enable&quot;:false}\">\n\t\t\t\t\t\t<div class=\"elementor-container elementor-column-gap-default\">\n\t\t\t\t\t<div class=\"elementor-column elementor-col-100 elementor-top-column elementor-element elementor-element-7bb9f53\" data-id=\"7bb9f53\" data-element_type=\"column\">\n\t\t\t<div class=\"elementor-widget-wrap elementor-element-populated\">\n\t\t\t\t\t\t\t\t<div class=\"elementor-element elementor-element-721a174 elementor-list-item-link-inline elementor-align-center elementor-mobile-align-center elementor-icon-list--layout-traditional elementor-widget elementor-widget-icon-list\" data-id=\"721a174\" data-element_type=\"widget\" data-widget_type=\"icon-list.default\">\n\t\t\t\t<div class=\"elementor-widget-container\">\n\t\t\t\t\t<ul class=\"elementor-icon-list-items\">\n\t\t\t\t\t\t\t<li class=\"elementor-icon-list-item\">\n\t\t\t\t\t\t\t\t\t\t\t<a href=\"https:\/\/www.mentorescale.be\/nl\/suivre-news\/\">\n\n\t\t\t\t\t\t\t\t\t\t\t\t<span class=\"elementor-icon-list-icon\">\n\t\t\t\t\t\t\t<i aria-hidden=\"true\" class=\"fas fa-arrow-circle-right\"><\/i>\t\t\t\t\t\t<\/span>\n\t\t\t\t\t\t\t\t\t\t<span class=\"elementor-icon-list-text\">Terug naar de \"News\" pagina<\/span>\n\t\t\t\t\t\t\t\t\t\t\t<\/a>\n\t\t\t\t\t\t\t\t\t<\/li>\n\t\t\t\t\t\t<\/ul>\n\t\t\t\t<\/div>\n\t\t\t\t<\/div>\n\t\t\t\t\t<\/div>\n\t\t<\/div>\n\t\t\t\t\t\t\t<\/div>\n\t\t<\/section>\n\t\t\t\t\t\t\t<\/div>\n\t\t","protected":false},"excerpt":{"rendered":"<p>T\u00e9moignage de Sonia, arriv\u00e9e du Rwanda en Belgique \u00e0 15 ans avec son petit fr\u00e8re de 12 ans. J\u2019ai 21 ans et je suis \u00e9tudiante en BAC 1 dans une Ecole d\u2019infirmi\u00e8re en WallonieJ\u2019ai quitt\u00e9 mon pays de naissance, le Rwanda, il y a 6 ans \u00e0 cause des probl\u00e8mes politiques que vivaient mon p\u00e8re. [&hellip;]<\/p>\n","protected":false},"author":5,"featured_media":13042,"comment_status":"open","ping_status":"open","sticky":false,"template":"","format":"standard","meta":{"_mi_skip_tracking":false,"_monsterinsights_sitenote_active":false,"_monsterinsights_sitenote_note":"","_monsterinsights_sitenote_category":0,"footnotes":""},"categories":[119],"tags":[],"yoast_head":"<!-- This site is optimized with the Yoast SEO plugin v21.4 - https:\/\/yoast.com\/wordpress\/plugins\/seo\/ -->\n<title>&quot;Mentor-Escale is een familie voor velen&quot; - Mentor-Escale<\/title>\n<meta name=\"robots\" content=\"index, follow, max-snippet:-1, max-image-preview:large, max-video-preview:-1\" \/>\n<link rel=\"canonical\" href=\"https:\/\/www.mentorescale.be\/nl\/mentor-escale-is-een-familie-voor-velen\/\" \/>\n<meta property=\"og:locale\" content=\"nl_NL\" \/>\n<meta property=\"og:type\" content=\"article\" \/>\n<meta property=\"og:title\" content=\"&quot;Mentor-Escale is een familie voor velen&quot; - Mentor-Escale\" \/>\n<meta property=\"og:description\" content=\"T\u00e9moignage de Sonia, arriv\u00e9e du Rwanda en Belgique \u00e0 15 ans avec son petit fr\u00e8re de 12 ans. J\u2019ai 21 ans et je suis \u00e9tudiante en BAC 1 dans une Ecole d\u2019infirmi\u00e8re en WallonieJ\u2019ai quitt\u00e9 mon pays de naissance, le Rwanda, il y a 6 ans \u00e0 cause des probl\u00e8mes politiques que vivaient mon p\u00e8re. [&hellip;]\" \/>\n<meta property=\"og:url\" content=\"https:\/\/www.mentorescale.be\/nl\/mentor-escale-is-een-familie-voor-velen\/\" \/>\n<meta property=\"og:site_name\" content=\"Mentor-Escale\" \/>\n<meta property=\"article:publisher\" content=\"https:\/\/www.facebook.com\/mentorescaleASBL\/\" \/>\n<meta property=\"article:published_time\" content=\"2016-12-08T16:05:00+00:00\" \/>\n<meta property=\"article:modified_time\" content=\"2024-10-30T12:49:00+00:00\" \/>\n<meta property=\"og:image\" content=\"https:\/\/www.mentorescale.be\/wp-content\/uploads\/2016\/12\/Temoignage-Familles-pour-beaucoup.jpg\" \/>\n\t<meta property=\"og:image:width\" content=\"1920\" \/>\n\t<meta property=\"og:image:height\" content=\"1440\" \/>\n\t<meta property=\"og:image:type\" content=\"image\/jpeg\" \/>\n<meta name=\"author\" content=\"Arnaud Paquet\" \/>\n<meta name=\"twitter:card\" content=\"summary_large_image\" \/>\n<meta name=\"twitter:label1\" content=\"Geschreven door\" \/>\n\t<meta name=\"twitter:data1\" content=\"Arnaud Paquet\" \/>\n\t<meta name=\"twitter:label2\" content=\"Geschatte leestijd\" \/>\n\t<meta name=\"twitter:data2\" content=\"2 minuten\" \/>\n<script type=\"application\/ld+json\" class=\"yoast-schema-graph\">{\"@context\":\"https:\/\/schema.org\",\"@graph\":[{\"@type\":\"Article\",\"@id\":\"https:\/\/www.mentorescale.be\/nl\/mentor-escale-is-een-familie-voor-velen\/#article\",\"isPartOf\":{\"@id\":\"https:\/\/www.mentorescale.be\/nl\/mentor-escale-is-een-familie-voor-velen\/\"},\"author\":{\"name\":\"Arnaud Paquet\",\"@id\":\"https:\/\/www.mentorescale.be\/#\/schema\/person\/8df656cfcdc9d354ad1c81ef1cf60544\"},\"headline\":\"&#8220;Mentor-Escale is een familie voor velen&#8221;\",\"datePublished\":\"2016-12-08T16:05:00+00:00\",\"dateModified\":\"2024-10-30T12:49:00+00:00\",\"mainEntityOfPage\":{\"@id\":\"https:\/\/www.mentorescale.be\/nl\/mentor-escale-is-een-familie-voor-velen\/\"},\"wordCount\":448,\"commentCount\":0,\"publisher\":{\"@id\":\"https:\/\/www.mentorescale.be\/#organization\"},\"articleSection\":[\"Getuigenissen\"],\"inLanguage\":\"nl\",\"potentialAction\":[{\"@type\":\"CommentAction\",\"name\":\"Comment\",\"target\":[\"https:\/\/www.mentorescale.be\/nl\/mentor-escale-is-een-familie-voor-velen\/#respond\"]}]},{\"@type\":\"WebPage\",\"@id\":\"https:\/\/www.mentorescale.be\/nl\/mentor-escale-is-een-familie-voor-velen\/\",\"url\":\"https:\/\/www.mentorescale.be\/nl\/mentor-escale-is-een-familie-voor-velen\/\",\"name\":\"\\\"Mentor-Escale is een familie voor velen\\\" - Mentor-Escale\",\"isPartOf\":{\"@id\":\"https:\/\/www.mentorescale.be\/#website\"},\"datePublished\":\"2016-12-08T16:05:00+00:00\",\"dateModified\":\"2024-10-30T12:49:00+00:00\",\"breadcrumb\":{\"@id\":\"https:\/\/www.mentorescale.be\/nl\/mentor-escale-is-een-familie-voor-velen\/#breadcrumb\"},\"inLanguage\":\"nl\",\"potentialAction\":[{\"@type\":\"ReadAction\",\"target\":[\"https:\/\/www.mentorescale.be\/nl\/mentor-escale-is-een-familie-voor-velen\/\"]}]},{\"@type\":\"BreadcrumbList\",\"@id\":\"https:\/\/www.mentorescale.be\/nl\/mentor-escale-is-een-familie-voor-velen\/#breadcrumb\",\"itemListElement\":[{\"@type\":\"ListItem\",\"position\":1,\"name\":\"Home\",\"item\":\"https:\/\/www.mentorescale.be\/\"},{\"@type\":\"ListItem\",\"position\":2,\"name\":\"&#8220;Mentor-Escale is een familie voor velen&#8221;\"}]},{\"@type\":\"WebSite\",\"@id\":\"https:\/\/www.mentorescale.be\/#website\",\"url\":\"https:\/\/www.mentorescale.be\/\",\"name\":\"Mentor-Escale\",\"description\":\"Accompagnement pour jeunes exil\u00e9s\",\"publisher\":{\"@id\":\"https:\/\/www.mentorescale.be\/#organization\"},\"potentialAction\":[{\"@type\":\"SearchAction\",\"target\":{\"@type\":\"EntryPoint\",\"urlTemplate\":\"https:\/\/www.mentorescale.be\/?s={search_term_string}\"},\"query-input\":\"required name=search_term_string\"}],\"inLanguage\":\"nl\"},{\"@type\":\"Organization\",\"@id\":\"https:\/\/www.mentorescale.be\/#organization\",\"name\":\"Mentor-Escale\",\"url\":\"https:\/\/www.mentorescale.be\/\",\"logo\":{\"@type\":\"ImageObject\",\"inLanguage\":\"nl\",\"@id\":\"https:\/\/www.mentorescale.be\/#\/schema\/logo\/image\/\",\"url\":\"https:\/\/www.mentorescale.be\/wp-content\/uploads\/2021\/03\/PICTO_OISEAU-carre.png\",\"contentUrl\":\"https:\/\/www.mentorescale.be\/wp-content\/uploads\/2021\/03\/PICTO_OISEAU-carre.png\",\"width\":512,\"height\":512,\"caption\":\"Mentor-Escale\"},\"image\":{\"@id\":\"https:\/\/www.mentorescale.be\/#\/schema\/logo\/image\/\"},\"sameAs\":[\"https:\/\/www.facebook.com\/mentorescaleASBL\/\",\"https:\/\/www.instagram.com\/mentor_escale\/?hl=fr\",\"https:\/\/be.linkedin.com\/company\/mentor---escale\",\"https:\/\/www.youtube.com\/channel\/UCnw8NLnwqoNoSrkWv3b1Psw\/videos\"]},{\"@type\":\"Person\",\"@id\":\"https:\/\/www.mentorescale.be\/#\/schema\/person\/8df656cfcdc9d354ad1c81ef1cf60544\",\"name\":\"Arnaud Paquet\",\"url\":\"https:\/\/www.mentorescale.be\/nl\/author\/apaquet\/\"}]}<\/script>\n<!-- \/ Yoast SEO plugin. -->","yoast_head_json":{"title":"\"Mentor-Escale is een familie voor velen\" - Mentor-Escale","robots":{"index":"index","follow":"follow","max-snippet":"max-snippet:-1","max-image-preview":"max-image-preview:large","max-video-preview":"max-video-preview:-1"},"canonical":"https:\/\/www.mentorescale.be\/nl\/mentor-escale-is-een-familie-voor-velen\/","og_locale":"nl_NL","og_type":"article","og_title":"\"Mentor-Escale is een familie voor velen\" - Mentor-Escale","og_description":"T\u00e9moignage de Sonia, arriv\u00e9e du Rwanda en Belgique \u00e0 15 ans avec son petit fr\u00e8re de 12 ans. J\u2019ai 21 ans et je suis \u00e9tudiante en BAC 1 dans une Ecole d\u2019infirmi\u00e8re en WallonieJ\u2019ai quitt\u00e9 mon pays de naissance, le Rwanda, il y a 6 ans \u00e0 cause des probl\u00e8mes politiques que vivaient mon p\u00e8re. [&hellip;]","og_url":"https:\/\/www.mentorescale.be\/nl\/mentor-escale-is-een-familie-voor-velen\/","og_site_name":"Mentor-Escale","article_publisher":"https:\/\/www.facebook.com\/mentorescaleASBL\/","article_published_time":"2016-12-08T16:05:00+00:00","article_modified_time":"2024-10-30T12:49:00+00:00","og_image":[{"width":1920,"height":1440,"url":"https:\/\/www.mentorescale.be\/wp-content\/uploads\/2016\/12\/Temoignage-Familles-pour-beaucoup.jpg","type":"image\/jpeg"}],"author":"Arnaud Paquet","twitter_card":"summary_large_image","twitter_misc":{"Geschreven door":"Arnaud Paquet","Geschatte leestijd":"2 minuten"},"schema":{"@context":"https:\/\/schema.org","@graph":[{"@type":"Article","@id":"https:\/\/www.mentorescale.be\/nl\/mentor-escale-is-een-familie-voor-velen\/#article","isPartOf":{"@id":"https:\/\/www.mentorescale.be\/nl\/mentor-escale-is-een-familie-voor-velen\/"},"author":{"name":"Arnaud Paquet","@id":"https:\/\/www.mentorescale.be\/#\/schema\/person\/8df656cfcdc9d354ad1c81ef1cf60544"},"headline":"&#8220;Mentor-Escale is een familie voor velen&#8221;","datePublished":"2016-12-08T16:05:00+00:00","dateModified":"2024-10-30T12:49:00+00:00","mainEntityOfPage":{"@id":"https:\/\/www.mentorescale.be\/nl\/mentor-escale-is-een-familie-voor-velen\/"},"wordCount":448,"commentCount":0,"publisher":{"@id":"https:\/\/www.mentorescale.be\/#organization"},"articleSection":["Getuigenissen"],"inLanguage":"nl","potentialAction":[{"@type":"CommentAction","name":"Comment","target":["https:\/\/www.mentorescale.be\/nl\/mentor-escale-is-een-familie-voor-velen\/#respond"]}]},{"@type":"WebPage","@id":"https:\/\/www.mentorescale.be\/nl\/mentor-escale-is-een-familie-voor-velen\/","url":"https:\/\/www.mentorescale.be\/nl\/mentor-escale-is-een-familie-voor-velen\/","name":"\"Mentor-Escale is een familie voor velen\" - Mentor-Escale","isPartOf":{"@id":"https:\/\/www.mentorescale.be\/#website"},"datePublished":"2016-12-08T16:05:00+00:00","dateModified":"2024-10-30T12:49:00+00:00","breadcrumb":{"@id":"https:\/\/www.mentorescale.be\/nl\/mentor-escale-is-een-familie-voor-velen\/#breadcrumb"},"inLanguage":"nl","potentialAction":[{"@type":"ReadAction","target":["https:\/\/www.mentorescale.be\/nl\/mentor-escale-is-een-familie-voor-velen\/"]}]},{"@type":"BreadcrumbList","@id":"https:\/\/www.mentorescale.be\/nl\/mentor-escale-is-een-familie-voor-velen\/#breadcrumb","itemListElement":[{"@type":"ListItem","position":1,"name":"Home","item":"https:\/\/www.mentorescale.be\/"},{"@type":"ListItem","position":2,"name":"&#8220;Mentor-Escale is een familie voor velen&#8221;"}]},{"@type":"WebSite","@id":"https:\/\/www.mentorescale.be\/#website","url":"https:\/\/www.mentorescale.be\/","name":"Mentor-Escale","description":"Accompagnement pour jeunes exil\u00e9s","publisher":{"@id":"https:\/\/www.mentorescale.be\/#organization"},"potentialAction":[{"@type":"SearchAction","target":{"@type":"EntryPoint","urlTemplate":"https:\/\/www.mentorescale.be\/?s={search_term_string}"},"query-input":"required name=search_term_string"}],"inLanguage":"nl"},{"@type":"Organization","@id":"https:\/\/www.mentorescale.be\/#organization","name":"Mentor-Escale","url":"https:\/\/www.mentorescale.be\/","logo":{"@type":"ImageObject","inLanguage":"nl","@id":"https:\/\/www.mentorescale.be\/#\/schema\/logo\/image\/","url":"https:\/\/www.mentorescale.be\/wp-content\/uploads\/2021\/03\/PICTO_OISEAU-carre.png","contentUrl":"https:\/\/www.mentorescale.be\/wp-content\/uploads\/2021\/03\/PICTO_OISEAU-carre.png","width":512,"height":512,"caption":"Mentor-Escale"},"image":{"@id":"https:\/\/www.mentorescale.be\/#\/schema\/logo\/image\/"},"sameAs":["https:\/\/www.facebook.com\/mentorescaleASBL\/","https:\/\/www.instagram.com\/mentor_escale\/?hl=fr","https:\/\/be.linkedin.com\/company\/mentor---escale","https:\/\/www.youtube.com\/channel\/UCnw8NLnwqoNoSrkWv3b1Psw\/videos"]},{"@type":"Person","@id":"https:\/\/www.mentorescale.be\/#\/schema\/person\/8df656cfcdc9d354ad1c81ef1cf60544","name":"Arnaud Paquet","url":"https:\/\/www.mentorescale.be\/nl\/author\/apaquet\/"}]}},"_links":{"self":[{"href":"https:\/\/www.mentorescale.be\/nl\/wp-json\/wp\/v2\/posts\/13040"}],"collection":[{"href":"https:\/\/www.mentorescale.be\/nl\/wp-json\/wp\/v2\/posts"}],"about":[{"href":"https:\/\/www.mentorescale.be\/nl\/wp-json\/wp\/v2\/types\/post"}],"author":[{"embeddable":true,"href":"https:\/\/www.mentorescale.be\/nl\/wp-json\/wp\/v2\/users\/5"}],"replies":[{"embeddable":true,"href":"https:\/\/www.mentorescale.be\/nl\/wp-json\/wp\/v2\/comments?post=13040"}],"version-history":[{"count":3,"href":"https:\/\/www.mentorescale.be\/nl\/wp-json\/wp\/v2\/posts\/13040\/revisions"}],"predecessor-version":[{"id":15699,"href":"https:\/\/www.mentorescale.be\/nl\/wp-json\/wp\/v2\/posts\/13040\/revisions\/15699"}],"wp:featuredmedia":[{"embeddable":true,"href":"https:\/\/www.mentorescale.be\/nl\/wp-json\/wp\/v2\/media\/13042"}],"wp:attachment":[{"href":"https:\/\/www.mentorescale.be\/nl\/wp-json\/wp\/v2\/media?parent=13040"}],"wp:term":[{"taxonomy":"category","embeddable":true,"href":"https:\/\/www.mentorescale.be\/nl\/wp-json\/wp\/v2\/categories?post=13040"},{"taxonomy":"post_tag","embeddable":true,"href":"https:\/\/www.mentorescale.be\/nl\/wp-json\/wp\/v2\/tags?post=13040"}],"curies":[{"name":"wp","href":"https:\/\/api.w.org\/{rel}","templated":true}]}}