{"id":13045,"date":"2016-12-06T17:06:00","date_gmt":"2016-12-06T16:06:00","guid":{"rendered":"https:\/\/www.mentorescale.be\/?p=13045"},"modified":"2024-10-30T13:49:01","modified_gmt":"2024-10-30T12:49:01","slug":"syrie-is-een-zeer-gevaarlijk-land-geworden-door-de-oorlog","status":"publish","type":"post","link":"https:\/\/www.mentorescale.be\/nl\/syrie-is-een-zeer-gevaarlijk-land-geworden-door-de-oorlog\/","title":{"rendered":"&#8220;Syri\u00eb is een zeer gevaarlijk land geworden door de oorlog&#8221;"},"content":{"rendered":"\t\t<div data-elementor-type=\"wp-post\" data-elementor-id=\"13045\" class=\"elementor elementor-13045 elementor-2289\">\n\t\t\t\t\t\t\t\t\t<section class=\"elementor-section elementor-top-section elementor-element elementor-element-ff0f967 elementor-section-boxed elementor-section-height-default elementor-section-height-default\" data-id=\"ff0f967\" data-element_type=\"section\" data-settings=\"{&quot;_ha_eqh_enable&quot;:false}\">\n\t\t\t\t\t\t<div class=\"elementor-container elementor-column-gap-default\">\n\t\t\t\t\t<div class=\"elementor-column elementor-col-100 elementor-top-column elementor-element elementor-element-c684ef6\" data-id=\"c684ef6\" data-element_type=\"column\">\n\t\t\t<div class=\"elementor-widget-wrap elementor-element-populated\">\n\t\t\t\t\t\t\t\t<div class=\"elementor-element elementor-element-b7dba51 elementor-widget elementor-widget-text-editor\" data-id=\"b7dba51\" data-element_type=\"widget\" data-widget_type=\"text-editor.default\">\n\t\t\t\t<div class=\"elementor-widget-container\">\n\t\t\t\t\t\t\t<p>T\u00e9moignage de Zykra, arriv\u00e9e seule de Syrie en Belgique \u00e0 17 ans.<\/p>\t\t\t\t\t\t<\/div>\n\t\t\t\t<\/div>\n\t\t\t\t<div class=\"elementor-element elementor-element-b3cf338 elementor-widget-divider--view-line elementor-widget elementor-widget-divider\" data-id=\"b3cf338\" data-element_type=\"widget\" data-widget_type=\"divider.default\">\n\t\t\t\t<div class=\"elementor-widget-container\">\n\t\t\t\t\t<div class=\"elementor-divider\">\n\t\t\t<span class=\"elementor-divider-separator\">\n\t\t\t\t\t\t<\/span>\n\t\t<\/div>\n\t\t\t\t<\/div>\n\t\t\t\t<\/div>\n\t\t\t\t<div class=\"elementor-element elementor-element-44639c8 elementor-widget elementor-widget-text-editor\" data-id=\"44639c8\" data-element_type=\"widget\" data-widget_type=\"text-editor.default\">\n\t\t\t\t<div class=\"elementor-widget-container\">\n\t\t\t\t\t\t\t<p>Je viens de Syrie. Je suis en Belgique depuis deux ans. Je suis venue ici parce que dans mon pays, il y a la guerre. Aujourd\u2019hui, j\u2019ai 19 ans. Quand je suis venue ici, j\u2019avais 17 ans et j\u2019\u00e9tais seule, sans mes parents.<br \/>La Syrie est devenue un pays tr\u00e8s dangereux \u00e0 cause de la guerre. J\u2019aimerais bien vous expliquer ce que la guerre fait lorsqu\u2019elle arrive dans votre pays, mais il est difficile de trouver les mots justes. La guerre peut arriver tr\u00e8s soudainement. Un jour, tout va bien, et le jour suivant, tu as perdu tout ce que tu avais construit pour ta vie. Quand la guerre arrive dans ton pays, elle am\u00e8ne la faim, la peur et l\u2019ins\u00e9curit\u00e9. Des personnes autour de toi meurent, tes parents, tes amis, tes professeurs, etc.<\/p><p>Maintenant, la plupart des personnes de mon pays sont des r\u00e9fugi\u00e9s, \u00e9parpill\u00e9es partout dans le monde, comme ma grand-m\u00e8re. Pendant toute ma vie, ma grand-m\u00e8re a pris soin de moi. Aujourd\u2019hui, elle se trouve en Turquie. J\u2019ai d\u00fb la laisser derri\u00e8re moi parce qu\u2019elle \u00e9tait trop malade et trop \u00e2g\u00e9e pour continuer le trajet. J\u2019essaie de la faire venir en Belgique, mais je n\u2019y arrive pas. Elle me manque beaucoup !<\/p><p>Je suis \u00e9tudiante en bureautique dans une \u00e9cole \u00e0 Zaventem. Parfois, c\u2019est difficile pour moi parce que je suis une nouvelle \u00e9l\u00e8ve et que cela fait seulement un an que j\u2019\u00e9tudie en n\u00e9erlandais. Je voudrais bien r\u00e9ussir mes \u00e9tudes, travailler, fonder une famille. J\u2019esp\u00e8re qu\u2019un jour, je pourrais retourner visiter mon pays.<\/p><p>\u00c0 Mentor-Escale, ils m\u2019ont montr\u00e9 le chemin afin de pouvoir continuer ma vie ici. Ils m\u2019ont d\u2019abord aid\u00e9e \u00e0 trouver un appartement et \u00e0 mettre mes papiers en ordre. Ensuite, ils m\u2019ont trouv\u00e9 une \u00e9cole. Jusque maintenant, ils sont toujours l\u00e0 pour moi quand j\u2019ai besoin d\u2019aide. On fait des activit\u00e9s et des f\u00eates, parfois, nous cuisinons et mangeons ensemble. Quand je suis malade, j\u2019appelle Mentor-Escale. Quand je me sens mal, je vais \u00e0 Mentor-Escale, mais aussi quand je suis contente. Quand j\u2019ai un probl\u00e8me ou quand je veux tout simplement parler \u00e0 quelqu\u2019un, je vais \u00e0 Mentor-Escale .<\/p><p>Il est tr\u00e8s important pour moi qu\u2019il y ait de personnes en qui je peux avoir confiance et avec qui je peux discuter de choses tr\u00e8s personnelles. Je n\u2019ai personne d\u2019autre pour le faire. A l\u2019\u00e9cole, ils demandent parfois de prendre contact avec mes parents. Je dis alors qu\u2019ils doivent appeler Mentor-Escale.<br \/>C\u2019est pour toutes ces raisons que je dis que Mentor-Escale est comme ma famille, parce que pour moi, c\u2019est cela que le mot \u00ab famille \u00bb veut dire.<\/p>\t\t\t\t\t\t<\/div>\n\t\t\t\t<\/div>\n\t\t\t\t\t<\/div>\n\t\t<\/div>\n\t\t\t\t\t\t\t<\/div>\n\t\t<\/section>\n\t\t\t\t<section class=\"elementor-section elementor-top-section elementor-element elementor-element-4957573 elementor-section-boxed elementor-section-height-default elementor-section-height-default\" data-id=\"4957573\" data-element_type=\"section\" data-settings=\"{&quot;_ha_eqh_enable&quot;:false}\">\n\t\t\t\t\t\t<div class=\"elementor-container elementor-column-gap-default\">\n\t\t\t\t\t<div class=\"elementor-column elementor-col-100 elementor-top-column elementor-element elementor-element-d7cc37c\" data-id=\"d7cc37c\" data-element_type=\"column\">\n\t\t\t<div class=\"elementor-widget-wrap elementor-element-populated\">\n\t\t\t\t\t\t\t\t<div class=\"elementor-element elementor-element-363c915 elementor-list-item-link-inline elementor-align-center elementor-mobile-align-center elementor-icon-list--layout-traditional elementor-widget elementor-widget-icon-list\" data-id=\"363c915\" data-element_type=\"widget\" data-widget_type=\"icon-list.default\">\n\t\t\t\t<div class=\"elementor-widget-container\">\n\t\t\t\t\t<ul class=\"elementor-icon-list-items\">\n\t\t\t\t\t\t\t<li class=\"elementor-icon-list-item\">\n\t\t\t\t\t\t\t\t\t\t\t<a href=\"https:\/\/www.mentorescale.be\/nl\/suivre-news\/\">\n\n\t\t\t\t\t\t\t\t\t\t\t\t<span class=\"elementor-icon-list-icon\">\n\t\t\t\t\t\t\t<i aria-hidden=\"true\" class=\"fas fa-arrow-circle-right\"><\/i>\t\t\t\t\t\t<\/span>\n\t\t\t\t\t\t\t\t\t\t<span class=\"elementor-icon-list-text\">Terug naar de \"News\" pagina<\/span>\n\t\t\t\t\t\t\t\t\t\t\t<\/a>\n\t\t\t\t\t\t\t\t\t<\/li>\n\t\t\t\t\t\t<\/ul>\n\t\t\t\t<\/div>\n\t\t\t\t<\/div>\n\t\t\t\t\t<\/div>\n\t\t<\/div>\n\t\t\t\t\t\t\t<\/div>\n\t\t<\/section>\n\t\t\t\t\t\t\t<\/div>\n\t\t","protected":false},"excerpt":{"rendered":"<p>T\u00e9moignage de Zykra, arriv\u00e9e seule de Syrie en Belgique \u00e0 17 ans. Je viens de Syrie. Je suis en Belgique depuis deux ans. Je suis venue ici parce que dans mon pays, il y a la guerre. Aujourd\u2019hui, j\u2019ai 19 ans. Quand je suis venue ici, j\u2019avais 17 ans et j\u2019\u00e9tais seule, sans mes parents.La [&hellip;]<\/p>\n","protected":false},"author":5,"featured_media":13047,"comment_status":"open","ping_status":"open","sticky":false,"template":"","format":"standard","meta":{"_mi_skip_tracking":false,"_monsterinsights_sitenote_active":false,"_monsterinsights_sitenote_note":"","_monsterinsights_sitenote_category":0,"footnotes":""},"categories":[119],"tags":[],"yoast_head":"<!-- This site is optimized with the Yoast SEO plugin v21.4 - https:\/\/yoast.com\/wordpress\/plugins\/seo\/ -->\n<title>&quot;Syri\u00eb is een zeer gevaarlijk land geworden door de oorlog&quot; - Mentor-Escale<\/title>\n<meta name=\"robots\" content=\"index, follow, max-snippet:-1, max-image-preview:large, max-video-preview:-1\" \/>\n<link rel=\"canonical\" href=\"https:\/\/www.mentorescale.be\/nl\/syrie-is-een-zeer-gevaarlijk-land-geworden-door-de-oorlog\/\" \/>\n<meta property=\"og:locale\" content=\"nl_NL\" \/>\n<meta property=\"og:type\" content=\"article\" \/>\n<meta property=\"og:title\" content=\"&quot;Syri\u00eb is een zeer gevaarlijk land geworden door de oorlog&quot; - Mentor-Escale\" \/>\n<meta property=\"og:description\" content=\"T\u00e9moignage de Zykra, arriv\u00e9e seule de Syrie en Belgique \u00e0 17 ans. Je viens de Syrie. Je suis en Belgique depuis deux ans. Je suis venue ici parce que dans mon pays, il y a la guerre. Aujourd\u2019hui, j\u2019ai 19 ans. Quand je suis venue ici, j\u2019avais 17 ans et j\u2019\u00e9tais seule, sans mes parents.La [&hellip;]\" \/>\n<meta property=\"og:url\" content=\"https:\/\/www.mentorescale.be\/nl\/syrie-is-een-zeer-gevaarlijk-land-geworden-door-de-oorlog\/\" \/>\n<meta property=\"og:site_name\" content=\"Mentor-Escale\" \/>\n<meta property=\"article:publisher\" content=\"https:\/\/www.facebook.com\/mentorescaleASBL\/\" \/>\n<meta property=\"article:published_time\" content=\"2016-12-06T16:06:00+00:00\" \/>\n<meta property=\"article:modified_time\" content=\"2024-10-30T12:49:01+00:00\" \/>\n<meta property=\"og:image\" content=\"https:\/\/www.mentorescale.be\/wp-content\/uploads\/2016\/12\/Temoignage-La-Syrie-est-devenue.jpg\" \/>\n\t<meta property=\"og:image:width\" content=\"1920\" \/>\n\t<meta property=\"og:image:height\" content=\"1278\" \/>\n\t<meta property=\"og:image:type\" content=\"image\/jpeg\" \/>\n<meta name=\"author\" content=\"Arnaud Paquet\" \/>\n<meta name=\"twitter:card\" content=\"summary_large_image\" \/>\n<meta name=\"twitter:label1\" content=\"Geschreven door\" \/>\n\t<meta name=\"twitter:data1\" content=\"Arnaud Paquet\" \/>\n\t<meta name=\"twitter:label2\" content=\"Geschatte leestijd\" \/>\n\t<meta name=\"twitter:data2\" content=\"2 minuten\" \/>\n<script type=\"application\/ld+json\" class=\"yoast-schema-graph\">{\"@context\":\"https:\/\/schema.org\",\"@graph\":[{\"@type\":\"Article\",\"@id\":\"https:\/\/www.mentorescale.be\/nl\/syrie-is-een-zeer-gevaarlijk-land-geworden-door-de-oorlog\/#article\",\"isPartOf\":{\"@id\":\"https:\/\/www.mentorescale.be\/nl\/syrie-is-een-zeer-gevaarlijk-land-geworden-door-de-oorlog\/\"},\"author\":{\"name\":\"Arnaud Paquet\",\"@id\":\"https:\/\/www.mentorescale.be\/#\/schema\/person\/8df656cfcdc9d354ad1c81ef1cf60544\"},\"headline\":\"&#8220;Syri\u00eb is een zeer gevaarlijk land geworden door de oorlog&#8221;\",\"datePublished\":\"2016-12-06T16:06:00+00:00\",\"dateModified\":\"2024-10-30T12:49:01+00:00\",\"mainEntityOfPage\":{\"@id\":\"https:\/\/www.mentorescale.be\/nl\/syrie-is-een-zeer-gevaarlijk-land-geworden-door-de-oorlog\/\"},\"wordCount\":502,\"commentCount\":0,\"publisher\":{\"@id\":\"https:\/\/www.mentorescale.be\/#organization\"},\"articleSection\":[\"Getuigenissen\"],\"inLanguage\":\"nl\",\"potentialAction\":[{\"@type\":\"CommentAction\",\"name\":\"Comment\",\"target\":[\"https:\/\/www.mentorescale.be\/nl\/syrie-is-een-zeer-gevaarlijk-land-geworden-door-de-oorlog\/#respond\"]}]},{\"@type\":\"WebPage\",\"@id\":\"https:\/\/www.mentorescale.be\/nl\/syrie-is-een-zeer-gevaarlijk-land-geworden-door-de-oorlog\/\",\"url\":\"https:\/\/www.mentorescale.be\/nl\/syrie-is-een-zeer-gevaarlijk-land-geworden-door-de-oorlog\/\",\"name\":\"\\\"Syri\u00eb is een zeer gevaarlijk land geworden door de oorlog\\\" - Mentor-Escale\",\"isPartOf\":{\"@id\":\"https:\/\/www.mentorescale.be\/#website\"},\"datePublished\":\"2016-12-06T16:06:00+00:00\",\"dateModified\":\"2024-10-30T12:49:01+00:00\",\"breadcrumb\":{\"@id\":\"https:\/\/www.mentorescale.be\/nl\/syrie-is-een-zeer-gevaarlijk-land-geworden-door-de-oorlog\/#breadcrumb\"},\"inLanguage\":\"nl\",\"potentialAction\":[{\"@type\":\"ReadAction\",\"target\":[\"https:\/\/www.mentorescale.be\/nl\/syrie-is-een-zeer-gevaarlijk-land-geworden-door-de-oorlog\/\"]}]},{\"@type\":\"BreadcrumbList\",\"@id\":\"https:\/\/www.mentorescale.be\/nl\/syrie-is-een-zeer-gevaarlijk-land-geworden-door-de-oorlog\/#breadcrumb\",\"itemListElement\":[{\"@type\":\"ListItem\",\"position\":1,\"name\":\"Home\",\"item\":\"https:\/\/www.mentorescale.be\/\"},{\"@type\":\"ListItem\",\"position\":2,\"name\":\"&#8220;Syri\u00eb is een zeer gevaarlijk land geworden door de oorlog&#8221;\"}]},{\"@type\":\"WebSite\",\"@id\":\"https:\/\/www.mentorescale.be\/#website\",\"url\":\"https:\/\/www.mentorescale.be\/\",\"name\":\"Mentor-Escale\",\"description\":\"Accompagnement pour jeunes exil\u00e9s\",\"publisher\":{\"@id\":\"https:\/\/www.mentorescale.be\/#organization\"},\"potentialAction\":[{\"@type\":\"SearchAction\",\"target\":{\"@type\":\"EntryPoint\",\"urlTemplate\":\"https:\/\/www.mentorescale.be\/?s={search_term_string}\"},\"query-input\":\"required name=search_term_string\"}],\"inLanguage\":\"nl\"},{\"@type\":\"Organization\",\"@id\":\"https:\/\/www.mentorescale.be\/#organization\",\"name\":\"Mentor-Escale\",\"url\":\"https:\/\/www.mentorescale.be\/\",\"logo\":{\"@type\":\"ImageObject\",\"inLanguage\":\"nl\",\"@id\":\"https:\/\/www.mentorescale.be\/#\/schema\/logo\/image\/\",\"url\":\"https:\/\/www.mentorescale.be\/wp-content\/uploads\/2021\/03\/PICTO_OISEAU-carre.png\",\"contentUrl\":\"https:\/\/www.mentorescale.be\/wp-content\/uploads\/2021\/03\/PICTO_OISEAU-carre.png\",\"width\":512,\"height\":512,\"caption\":\"Mentor-Escale\"},\"image\":{\"@id\":\"https:\/\/www.mentorescale.be\/#\/schema\/logo\/image\/\"},\"sameAs\":[\"https:\/\/www.facebook.com\/mentorescaleASBL\/\",\"https:\/\/www.instagram.com\/mentor_escale\/?hl=fr\",\"https:\/\/be.linkedin.com\/company\/mentor---escale\",\"https:\/\/www.youtube.com\/channel\/UCnw8NLnwqoNoSrkWv3b1Psw\/videos\"]},{\"@type\":\"Person\",\"@id\":\"https:\/\/www.mentorescale.be\/#\/schema\/person\/8df656cfcdc9d354ad1c81ef1cf60544\",\"name\":\"Arnaud Paquet\",\"url\":\"https:\/\/www.mentorescale.be\/nl\/author\/apaquet\/\"}]}<\/script>\n<!-- \/ Yoast SEO plugin. -->","yoast_head_json":{"title":"\"Syri\u00eb is een zeer gevaarlijk land geworden door de oorlog\" - Mentor-Escale","robots":{"index":"index","follow":"follow","max-snippet":"max-snippet:-1","max-image-preview":"max-image-preview:large","max-video-preview":"max-video-preview:-1"},"canonical":"https:\/\/www.mentorescale.be\/nl\/syrie-is-een-zeer-gevaarlijk-land-geworden-door-de-oorlog\/","og_locale":"nl_NL","og_type":"article","og_title":"\"Syri\u00eb is een zeer gevaarlijk land geworden door de oorlog\" - Mentor-Escale","og_description":"T\u00e9moignage de Zykra, arriv\u00e9e seule de Syrie en Belgique \u00e0 17 ans. Je viens de Syrie. Je suis en Belgique depuis deux ans. Je suis venue ici parce que dans mon pays, il y a la guerre. Aujourd\u2019hui, j\u2019ai 19 ans. Quand je suis venue ici, j\u2019avais 17 ans et j\u2019\u00e9tais seule, sans mes parents.La [&hellip;]","og_url":"https:\/\/www.mentorescale.be\/nl\/syrie-is-een-zeer-gevaarlijk-land-geworden-door-de-oorlog\/","og_site_name":"Mentor-Escale","article_publisher":"https:\/\/www.facebook.com\/mentorescaleASBL\/","article_published_time":"2016-12-06T16:06:00+00:00","article_modified_time":"2024-10-30T12:49:01+00:00","og_image":[{"width":1920,"height":1278,"url":"https:\/\/www.mentorescale.be\/wp-content\/uploads\/2016\/12\/Temoignage-La-Syrie-est-devenue.jpg","type":"image\/jpeg"}],"author":"Arnaud Paquet","twitter_card":"summary_large_image","twitter_misc":{"Geschreven door":"Arnaud Paquet","Geschatte leestijd":"2 minuten"},"schema":{"@context":"https:\/\/schema.org","@graph":[{"@type":"Article","@id":"https:\/\/www.mentorescale.be\/nl\/syrie-is-een-zeer-gevaarlijk-land-geworden-door-de-oorlog\/#article","isPartOf":{"@id":"https:\/\/www.mentorescale.be\/nl\/syrie-is-een-zeer-gevaarlijk-land-geworden-door-de-oorlog\/"},"author":{"name":"Arnaud Paquet","@id":"https:\/\/www.mentorescale.be\/#\/schema\/person\/8df656cfcdc9d354ad1c81ef1cf60544"},"headline":"&#8220;Syri\u00eb is een zeer gevaarlijk land geworden door de oorlog&#8221;","datePublished":"2016-12-06T16:06:00+00:00","dateModified":"2024-10-30T12:49:01+00:00","mainEntityOfPage":{"@id":"https:\/\/www.mentorescale.be\/nl\/syrie-is-een-zeer-gevaarlijk-land-geworden-door-de-oorlog\/"},"wordCount":502,"commentCount":0,"publisher":{"@id":"https:\/\/www.mentorescale.be\/#organization"},"articleSection":["Getuigenissen"],"inLanguage":"nl","potentialAction":[{"@type":"CommentAction","name":"Comment","target":["https:\/\/www.mentorescale.be\/nl\/syrie-is-een-zeer-gevaarlijk-land-geworden-door-de-oorlog\/#respond"]}]},{"@type":"WebPage","@id":"https:\/\/www.mentorescale.be\/nl\/syrie-is-een-zeer-gevaarlijk-land-geworden-door-de-oorlog\/","url":"https:\/\/www.mentorescale.be\/nl\/syrie-is-een-zeer-gevaarlijk-land-geworden-door-de-oorlog\/","name":"\"Syri\u00eb is een zeer gevaarlijk land geworden door de oorlog\" - Mentor-Escale","isPartOf":{"@id":"https:\/\/www.mentorescale.be\/#website"},"datePublished":"2016-12-06T16:06:00+00:00","dateModified":"2024-10-30T12:49:01+00:00","breadcrumb":{"@id":"https:\/\/www.mentorescale.be\/nl\/syrie-is-een-zeer-gevaarlijk-land-geworden-door-de-oorlog\/#breadcrumb"},"inLanguage":"nl","potentialAction":[{"@type":"ReadAction","target":["https:\/\/www.mentorescale.be\/nl\/syrie-is-een-zeer-gevaarlijk-land-geworden-door-de-oorlog\/"]}]},{"@type":"BreadcrumbList","@id":"https:\/\/www.mentorescale.be\/nl\/syrie-is-een-zeer-gevaarlijk-land-geworden-door-de-oorlog\/#breadcrumb","itemListElement":[{"@type":"ListItem","position":1,"name":"Home","item":"https:\/\/www.mentorescale.be\/"},{"@type":"ListItem","position":2,"name":"&#8220;Syri\u00eb is een zeer gevaarlijk land geworden door de oorlog&#8221;"}]},{"@type":"WebSite","@id":"https:\/\/www.mentorescale.be\/#website","url":"https:\/\/www.mentorescale.be\/","name":"Mentor-Escale","description":"Accompagnement pour jeunes exil\u00e9s","publisher":{"@id":"https:\/\/www.mentorescale.be\/#organization"},"potentialAction":[{"@type":"SearchAction","target":{"@type":"EntryPoint","urlTemplate":"https:\/\/www.mentorescale.be\/?s={search_term_string}"},"query-input":"required name=search_term_string"}],"inLanguage":"nl"},{"@type":"Organization","@id":"https:\/\/www.mentorescale.be\/#organization","name":"Mentor-Escale","url":"https:\/\/www.mentorescale.be\/","logo":{"@type":"ImageObject","inLanguage":"nl","@id":"https:\/\/www.mentorescale.be\/#\/schema\/logo\/image\/","url":"https:\/\/www.mentorescale.be\/wp-content\/uploads\/2021\/03\/PICTO_OISEAU-carre.png","contentUrl":"https:\/\/www.mentorescale.be\/wp-content\/uploads\/2021\/03\/PICTO_OISEAU-carre.png","width":512,"height":512,"caption":"Mentor-Escale"},"image":{"@id":"https:\/\/www.mentorescale.be\/#\/schema\/logo\/image\/"},"sameAs":["https:\/\/www.facebook.com\/mentorescaleASBL\/","https:\/\/www.instagram.com\/mentor_escale\/?hl=fr","https:\/\/be.linkedin.com\/company\/mentor---escale","https:\/\/www.youtube.com\/channel\/UCnw8NLnwqoNoSrkWv3b1Psw\/videos"]},{"@type":"Person","@id":"https:\/\/www.mentorescale.be\/#\/schema\/person\/8df656cfcdc9d354ad1c81ef1cf60544","name":"Arnaud Paquet","url":"https:\/\/www.mentorescale.be\/nl\/author\/apaquet\/"}]}},"_links":{"self":[{"href":"https:\/\/www.mentorescale.be\/nl\/wp-json\/wp\/v2\/posts\/13045"}],"collection":[{"href":"https:\/\/www.mentorescale.be\/nl\/wp-json\/wp\/v2\/posts"}],"about":[{"href":"https:\/\/www.mentorescale.be\/nl\/wp-json\/wp\/v2\/types\/post"}],"author":[{"embeddable":true,"href":"https:\/\/www.mentorescale.be\/nl\/wp-json\/wp\/v2\/users\/5"}],"replies":[{"embeddable":true,"href":"https:\/\/www.mentorescale.be\/nl\/wp-json\/wp\/v2\/comments?post=13045"}],"version-history":[{"count":3,"href":"https:\/\/www.mentorescale.be\/nl\/wp-json\/wp\/v2\/posts\/13045\/revisions"}],"predecessor-version":[{"id":15700,"href":"https:\/\/www.mentorescale.be\/nl\/wp-json\/wp\/v2\/posts\/13045\/revisions\/15700"}],"wp:featuredmedia":[{"embeddable":true,"href":"https:\/\/www.mentorescale.be\/nl\/wp-json\/wp\/v2\/media\/13047"}],"wp:attachment":[{"href":"https:\/\/www.mentorescale.be\/nl\/wp-json\/wp\/v2\/media?parent=13045"}],"wp:term":[{"taxonomy":"category","embeddable":true,"href":"https:\/\/www.mentorescale.be\/nl\/wp-json\/wp\/v2\/categories?post=13045"},{"taxonomy":"post_tag","embeddable":true,"href":"https:\/\/www.mentorescale.be\/nl\/wp-json\/wp\/v2\/tags?post=13045"}],"curies":[{"name":"wp","href":"https:\/\/api.w.org\/{rel}","templated":true}]}}