{"id":13051,"date":"2016-12-04T17:07:00","date_gmt":"2016-12-04T16:07:00","guid":{"rendered":"https:\/\/www.mentorescale.be\/?p=13051"},"modified":"2024-10-30T13:49:03","modified_gmt":"2024-10-30T12:49:03","slug":"vandaag-ben-ik-17-jaar-ik-zit-in-het-4de-jaar-mechanica-en-ik-werk-ernaast","status":"publish","type":"post","link":"https:\/\/www.mentorescale.be\/nl\/vandaag-ben-ik-17-jaar-ik-zit-in-het-4de-jaar-mechanica-en-ik-werk-ernaast\/","title":{"rendered":"&#8220;Vandaag ben ik 17 jaar, ik zit in het 4de jaar mechanica en ik werk ernaast&#8221;"},"content":{"rendered":"\t\t<div data-elementor-type=\"wp-post\" data-elementor-id=\"13051\" class=\"elementor elementor-13051 elementor-2285\">\n\t\t\t\t\t\t\t\t\t<section class=\"elementor-section elementor-top-section elementor-element elementor-element-4f73f82 elementor-section-boxed elementor-section-height-default elementor-section-height-default\" data-id=\"4f73f82\" data-element_type=\"section\" data-settings=\"{&quot;_ha_eqh_enable&quot;:false}\">\n\t\t\t\t\t\t<div class=\"elementor-container elementor-column-gap-default\">\n\t\t\t\t\t<div class=\"elementor-column elementor-col-100 elementor-top-column elementor-element elementor-element-2a69a84\" data-id=\"2a69a84\" data-element_type=\"column\">\n\t\t\t<div class=\"elementor-widget-wrap elementor-element-populated\">\n\t\t\t\t\t\t\t\t<div class=\"elementor-element elementor-element-4144524 elementor-widget elementor-widget-text-editor\" data-id=\"4144524\" data-element_type=\"widget\" data-widget_type=\"text-editor.default\">\n\t\t\t\t<div class=\"elementor-widget-container\">\n\t\t\t\t\t\t\t<p>T\u00e9moignage d&#8217;Asif, arriv\u00e9 seul d&#8217;Afghanistan en Belgique \u00e0 14 ans.<\/p>\t\t\t\t\t\t<\/div>\n\t\t\t\t<\/div>\n\t\t\t\t<div class=\"elementor-element elementor-element-f8d0752 elementor-widget-divider--view-line elementor-widget elementor-widget-divider\" data-id=\"f8d0752\" data-element_type=\"widget\" data-widget_type=\"divider.default\">\n\t\t\t\t<div class=\"elementor-widget-container\">\n\t\t\t\t\t<div class=\"elementor-divider\">\n\t\t\t<span class=\"elementor-divider-separator\">\n\t\t\t\t\t\t<\/span>\n\t\t<\/div>\n\t\t\t\t<\/div>\n\t\t\t\t<\/div>\n\t\t\t\t<div class=\"elementor-element elementor-element-4d3b99e elementor-widget elementor-widget-text-editor\" data-id=\"4d3b99e\" data-element_type=\"widget\" data-widget_type=\"text-editor.default\">\n\t\t\t\t<div class=\"elementor-widget-container\">\n\t\t\t\t\t\t\t<p>Je suis n\u00e9 en Afghanistan. J\u2019y vivais avec mon oncle, ma tante, ma s\u0153ur et mes cousins. Nous avions beaucoup de probl\u00e8mes avec les Talibans et les militaires. C\u2019\u00e9tait tr\u00e8s dangereux, c\u2019est pourquoi j\u2019ai d\u00fb fuir mon pays. J\u2019\u00e9tais seul, j\u2019avais 14 ans.<\/p><p>Mon exil a dur\u00e9 trois mois : je suis pass\u00e9 par l\u2019Iran, la Turquie et la Gr\u00e8ce avant d\u2019atteindre la Belgique. A l\u2019a\u00e9roport, on m\u2019a envoy\u00e9 dans un centre ferm\u00e9, dans lequel j\u2019ai pass\u00e9 un mois. Une fois lib\u00e9r\u00e9, on m\u2019a transf\u00e9r\u00e9 dans un centre d\u2019accueil pendant deux mois, puis dans un autre o\u00f9 j\u2019ai pass\u00e9 un an.<\/p><p>Durant cette p\u00e9riode, j\u2019ai rencontr\u00e9 un jeune Afghan avec qui je me suis li\u00e9 d\u2019amiti\u00e9. Ce dernier m\u2019a parl\u00e9 de Mentor-Escale en me disant que l\u00e0-bas, il y avait des gens qui pouvaient m\u2019aider pour les diff\u00e9rentes d\u00e9marches administratives et pour m\u2019installer \u00e0 Bruxelles.<\/p><p>Mentor-Escale m\u2019a surtout aid\u00e9 pour toute cette phase d\u2019installation. Au d\u00e9but, je venais beaucoup pour poser des questions et parler avec les travailleurs. J\u2019avais beaucoup de mal \u00e0 comprendre \u00e0 cause de la langue. Une \u00e9ducatrice m\u2019a aussi aid\u00e9 pour trouver une \u00e9cole et m\u2019y m\u2019inscrire.<\/p><p>Aujourd\u2019hui, j\u2019ai 17 ans, je parle et comprends tr\u00e8s bien le fran\u00e7ais. Je suis en 4e m\u00e9canique et je travaille sur le c\u00f4t\u00e9. Bien que je n\u2019aie pas beaucoup de temps en ce moment, je viens de temps \u00e0 autre \u00e0 Mentor lorsque j\u2019ai besoin d\u2019une aide, d\u2019un renseignement ou juste pour dire bonjour.<\/p><p>Lorsque je pense \u00e0 l\u2019avenir, je pense avant tout \u00e0 finir mes \u00e9tudes. J\u2019ai du mal \u00e0 me projeter car on ne sait jamais quand la mort peut arriver. Je pense aussi souvent \u00e0 ma s\u0153ur rest\u00e9e \u00e0 Kaboul. Elle a deux enfants et j\u2019ai du mal \u00e0 me souvenir de leurs visages. Mais actuellement, je n\u2019envisage pas du tout de repartir en Afghanistan, la peur et de danger y sont trop grands.<\/p>\t\t\t\t\t\t<\/div>\n\t\t\t\t<\/div>\n\t\t\t\t\t<\/div>\n\t\t<\/div>\n\t\t\t\t\t\t\t<\/div>\n\t\t<\/section>\n\t\t\t\t<section class=\"elementor-section elementor-top-section elementor-element elementor-element-53ea3cb elementor-section-boxed elementor-section-height-default elementor-section-height-default\" data-id=\"53ea3cb\" data-element_type=\"section\" data-settings=\"{&quot;_ha_eqh_enable&quot;:false}\">\n\t\t\t\t\t\t<div class=\"elementor-container elementor-column-gap-default\">\n\t\t\t\t\t<div class=\"elementor-column elementor-col-100 elementor-top-column elementor-element elementor-element-29c9bb6\" data-id=\"29c9bb6\" data-element_type=\"column\">\n\t\t\t<div class=\"elementor-widget-wrap elementor-element-populated\">\n\t\t\t\t\t\t\t\t<div class=\"elementor-element elementor-element-4658bc7 elementor-list-item-link-inline elementor-align-center elementor-mobile-align-center elementor-icon-list--layout-traditional elementor-widget elementor-widget-icon-list\" data-id=\"4658bc7\" data-element_type=\"widget\" data-widget_type=\"icon-list.default\">\n\t\t\t\t<div class=\"elementor-widget-container\">\n\t\t\t\t\t<ul class=\"elementor-icon-list-items\">\n\t\t\t\t\t\t\t<li class=\"elementor-icon-list-item\">\n\t\t\t\t\t\t\t\t\t\t\t<a href=\"https:\/\/www.mentorescale.be\/nl\/suivre-news\/\">\n\n\t\t\t\t\t\t\t\t\t\t\t\t<span class=\"elementor-icon-list-icon\">\n\t\t\t\t\t\t\t<i aria-hidden=\"true\" class=\"fas fa-arrow-circle-right\"><\/i>\t\t\t\t\t\t<\/span>\n\t\t\t\t\t\t\t\t\t\t<span class=\"elementor-icon-list-text\">Terug naar de \"News\" pagina<\/span>\n\t\t\t\t\t\t\t\t\t\t\t<\/a>\n\t\t\t\t\t\t\t\t\t<\/li>\n\t\t\t\t\t\t<\/ul>\n\t\t\t\t<\/div>\n\t\t\t\t<\/div>\n\t\t\t\t\t<\/div>\n\t\t<\/div>\n\t\t\t\t\t\t\t<\/div>\n\t\t<\/section>\n\t\t\t\t\t\t\t<\/div>\n\t\t","protected":false},"excerpt":{"rendered":"<p>T\u00e9moignage d&#8217;Asif, arriv\u00e9 seul d&#8217;Afghanistan en Belgique \u00e0 14 ans. Je suis n\u00e9 en Afghanistan. J\u2019y vivais avec mon oncle, ma tante, ma s\u0153ur et mes cousins. Nous avions beaucoup de probl\u00e8mes avec les Talibans et les militaires. C\u2019\u00e9tait tr\u00e8s dangereux, c\u2019est pourquoi j\u2019ai d\u00fb fuir mon pays. J\u2019\u00e9tais seul, j\u2019avais 14 ans. Mon exil [&hellip;]<\/p>\n","protected":false},"author":5,"featured_media":13053,"comment_status":"open","ping_status":"open","sticky":false,"template":"","format":"standard","meta":{"_mi_skip_tracking":false,"_monsterinsights_sitenote_active":false,"_monsterinsights_sitenote_note":"","_monsterinsights_sitenote_category":0,"footnotes":""},"categories":[119],"tags":[],"yoast_head":"<!-- This site is optimized with the Yoast SEO plugin v21.4 - https:\/\/yoast.com\/wordpress\/plugins\/seo\/ -->\n<title>&quot;Vandaag ben ik 17 jaar, ik zit in het 4de jaar mechanica en ik werk ernaast&quot; - Mentor-Escale<\/title>\n<meta name=\"robots\" content=\"index, follow, max-snippet:-1, max-image-preview:large, max-video-preview:-1\" \/>\n<link rel=\"canonical\" href=\"https:\/\/www.mentorescale.be\/nl\/vandaag-ben-ik-17-jaar-ik-zit-in-het-4de-jaar-mechanica-en-ik-werk-ernaast\/\" \/>\n<meta property=\"og:locale\" content=\"nl_NL\" \/>\n<meta property=\"og:type\" content=\"article\" \/>\n<meta property=\"og:title\" content=\"&quot;Vandaag ben ik 17 jaar, ik zit in het 4de jaar mechanica en ik werk ernaast&quot; - Mentor-Escale\" \/>\n<meta property=\"og:description\" content=\"T\u00e9moignage d&#8217;Asif, arriv\u00e9 seul d&#8217;Afghanistan en Belgique \u00e0 14 ans. Je suis n\u00e9 en Afghanistan. J\u2019y vivais avec mon oncle, ma tante, ma s\u0153ur et mes cousins. Nous avions beaucoup de probl\u00e8mes avec les Talibans et les militaires. C\u2019\u00e9tait tr\u00e8s dangereux, c\u2019est pourquoi j\u2019ai d\u00fb fuir mon pays. J\u2019\u00e9tais seul, j\u2019avais 14 ans. Mon exil [&hellip;]\" \/>\n<meta property=\"og:url\" content=\"https:\/\/www.mentorescale.be\/nl\/vandaag-ben-ik-17-jaar-ik-zit-in-het-4de-jaar-mechanica-en-ik-werk-ernaast\/\" \/>\n<meta property=\"og:site_name\" content=\"Mentor-Escale\" \/>\n<meta property=\"article:publisher\" content=\"https:\/\/www.facebook.com\/mentorescaleASBL\/\" \/>\n<meta property=\"article:published_time\" content=\"2016-12-04T16:07:00+00:00\" \/>\n<meta property=\"article:modified_time\" content=\"2024-10-30T12:49:03+00:00\" \/>\n<meta property=\"og:image\" content=\"https:\/\/www.mentorescale.be\/wp-content\/uploads\/2017\/03\/exil-chemin-e1618928622256.jpg\" \/>\n\t<meta property=\"og:image:width\" content=\"1281\" \/>\n\t<meta property=\"og:image:height\" content=\"1281\" \/>\n\t<meta property=\"og:image:type\" content=\"image\/jpeg\" \/>\n<meta name=\"author\" content=\"Arnaud Paquet\" \/>\n<meta name=\"twitter:card\" content=\"summary_large_image\" \/>\n<meta name=\"twitter:label1\" content=\"Geschreven door\" \/>\n\t<meta name=\"twitter:data1\" content=\"Arnaud Paquet\" \/>\n\t<meta name=\"twitter:label2\" content=\"Geschatte leestijd\" \/>\n\t<meta name=\"twitter:data2\" content=\"2 minuten\" \/>\n<script type=\"application\/ld+json\" class=\"yoast-schema-graph\">{\"@context\":\"https:\/\/schema.org\",\"@graph\":[{\"@type\":\"Article\",\"@id\":\"https:\/\/www.mentorescale.be\/nl\/vandaag-ben-ik-17-jaar-ik-zit-in-het-4de-jaar-mechanica-en-ik-werk-ernaast\/#article\",\"isPartOf\":{\"@id\":\"https:\/\/www.mentorescale.be\/nl\/vandaag-ben-ik-17-jaar-ik-zit-in-het-4de-jaar-mechanica-en-ik-werk-ernaast\/\"},\"author\":{\"name\":\"Arnaud Paquet\",\"@id\":\"https:\/\/www.mentorescale.be\/#\/schema\/person\/8df656cfcdc9d354ad1c81ef1cf60544\"},\"headline\":\"&#8220;Vandaag ben ik 17 jaar, ik zit in het 4de jaar mechanica en ik werk ernaast&#8221;\",\"datePublished\":\"2016-12-04T16:07:00+00:00\",\"dateModified\":\"2024-10-30T12:49:03+00:00\",\"mainEntityOfPage\":{\"@id\":\"https:\/\/www.mentorescale.be\/nl\/vandaag-ben-ik-17-jaar-ik-zit-in-het-4de-jaar-mechanica-en-ik-werk-ernaast\/\"},\"wordCount\":386,\"commentCount\":0,\"publisher\":{\"@id\":\"https:\/\/www.mentorescale.be\/#organization\"},\"articleSection\":[\"Getuigenissen\"],\"inLanguage\":\"nl\",\"potentialAction\":[{\"@type\":\"CommentAction\",\"name\":\"Comment\",\"target\":[\"https:\/\/www.mentorescale.be\/nl\/vandaag-ben-ik-17-jaar-ik-zit-in-het-4de-jaar-mechanica-en-ik-werk-ernaast\/#respond\"]}]},{\"@type\":\"WebPage\",\"@id\":\"https:\/\/www.mentorescale.be\/nl\/vandaag-ben-ik-17-jaar-ik-zit-in-het-4de-jaar-mechanica-en-ik-werk-ernaast\/\",\"url\":\"https:\/\/www.mentorescale.be\/nl\/vandaag-ben-ik-17-jaar-ik-zit-in-het-4de-jaar-mechanica-en-ik-werk-ernaast\/\",\"name\":\"\\\"Vandaag ben ik 17 jaar, ik zit in het 4de jaar mechanica en ik werk ernaast\\\" - Mentor-Escale\",\"isPartOf\":{\"@id\":\"https:\/\/www.mentorescale.be\/#website\"},\"datePublished\":\"2016-12-04T16:07:00+00:00\",\"dateModified\":\"2024-10-30T12:49:03+00:00\",\"breadcrumb\":{\"@id\":\"https:\/\/www.mentorescale.be\/nl\/vandaag-ben-ik-17-jaar-ik-zit-in-het-4de-jaar-mechanica-en-ik-werk-ernaast\/#breadcrumb\"},\"inLanguage\":\"nl\",\"potentialAction\":[{\"@type\":\"ReadAction\",\"target\":[\"https:\/\/www.mentorescale.be\/nl\/vandaag-ben-ik-17-jaar-ik-zit-in-het-4de-jaar-mechanica-en-ik-werk-ernaast\/\"]}]},{\"@type\":\"BreadcrumbList\",\"@id\":\"https:\/\/www.mentorescale.be\/nl\/vandaag-ben-ik-17-jaar-ik-zit-in-het-4de-jaar-mechanica-en-ik-werk-ernaast\/#breadcrumb\",\"itemListElement\":[{\"@type\":\"ListItem\",\"position\":1,\"name\":\"Home\",\"item\":\"https:\/\/www.mentorescale.be\/\"},{\"@type\":\"ListItem\",\"position\":2,\"name\":\"&#8220;Vandaag ben ik 17 jaar, ik zit in het 4de jaar mechanica en ik werk ernaast&#8221;\"}]},{\"@type\":\"WebSite\",\"@id\":\"https:\/\/www.mentorescale.be\/#website\",\"url\":\"https:\/\/www.mentorescale.be\/\",\"name\":\"Mentor-Escale\",\"description\":\"Accompagnement pour jeunes exil\u00e9s\",\"publisher\":{\"@id\":\"https:\/\/www.mentorescale.be\/#organization\"},\"potentialAction\":[{\"@type\":\"SearchAction\",\"target\":{\"@type\":\"EntryPoint\",\"urlTemplate\":\"https:\/\/www.mentorescale.be\/?s={search_term_string}\"},\"query-input\":\"required name=search_term_string\"}],\"inLanguage\":\"nl\"},{\"@type\":\"Organization\",\"@id\":\"https:\/\/www.mentorescale.be\/#organization\",\"name\":\"Mentor-Escale\",\"url\":\"https:\/\/www.mentorescale.be\/\",\"logo\":{\"@type\":\"ImageObject\",\"inLanguage\":\"nl\",\"@id\":\"https:\/\/www.mentorescale.be\/#\/schema\/logo\/image\/\",\"url\":\"https:\/\/www.mentorescale.be\/wp-content\/uploads\/2021\/03\/PICTO_OISEAU-carre.png\",\"contentUrl\":\"https:\/\/www.mentorescale.be\/wp-content\/uploads\/2021\/03\/PICTO_OISEAU-carre.png\",\"width\":512,\"height\":512,\"caption\":\"Mentor-Escale\"},\"image\":{\"@id\":\"https:\/\/www.mentorescale.be\/#\/schema\/logo\/image\/\"},\"sameAs\":[\"https:\/\/www.facebook.com\/mentorescaleASBL\/\",\"https:\/\/www.instagram.com\/mentor_escale\/?hl=fr\",\"https:\/\/be.linkedin.com\/company\/mentor---escale\",\"https:\/\/www.youtube.com\/channel\/UCnw8NLnwqoNoSrkWv3b1Psw\/videos\"]},{\"@type\":\"Person\",\"@id\":\"https:\/\/www.mentorescale.be\/#\/schema\/person\/8df656cfcdc9d354ad1c81ef1cf60544\",\"name\":\"Arnaud Paquet\",\"url\":\"https:\/\/www.mentorescale.be\/nl\/author\/apaquet\/\"}]}<\/script>\n<!-- \/ Yoast SEO plugin. -->","yoast_head_json":{"title":"\"Vandaag ben ik 17 jaar, ik zit in het 4de jaar mechanica en ik werk ernaast\" - Mentor-Escale","robots":{"index":"index","follow":"follow","max-snippet":"max-snippet:-1","max-image-preview":"max-image-preview:large","max-video-preview":"max-video-preview:-1"},"canonical":"https:\/\/www.mentorescale.be\/nl\/vandaag-ben-ik-17-jaar-ik-zit-in-het-4de-jaar-mechanica-en-ik-werk-ernaast\/","og_locale":"nl_NL","og_type":"article","og_title":"\"Vandaag ben ik 17 jaar, ik zit in het 4de jaar mechanica en ik werk ernaast\" - Mentor-Escale","og_description":"T\u00e9moignage d&#8217;Asif, arriv\u00e9 seul d&#8217;Afghanistan en Belgique \u00e0 14 ans. Je suis n\u00e9 en Afghanistan. J\u2019y vivais avec mon oncle, ma tante, ma s\u0153ur et mes cousins. Nous avions beaucoup de probl\u00e8mes avec les Talibans et les militaires. C\u2019\u00e9tait tr\u00e8s dangereux, c\u2019est pourquoi j\u2019ai d\u00fb fuir mon pays. J\u2019\u00e9tais seul, j\u2019avais 14 ans. Mon exil [&hellip;]","og_url":"https:\/\/www.mentorescale.be\/nl\/vandaag-ben-ik-17-jaar-ik-zit-in-het-4de-jaar-mechanica-en-ik-werk-ernaast\/","og_site_name":"Mentor-Escale","article_publisher":"https:\/\/www.facebook.com\/mentorescaleASBL\/","article_published_time":"2016-12-04T16:07:00+00:00","article_modified_time":"2024-10-30T12:49:03+00:00","og_image":[{"width":1281,"height":1281,"url":"https:\/\/www.mentorescale.be\/wp-content\/uploads\/2017\/03\/exil-chemin-e1618928622256.jpg","type":"image\/jpeg"}],"author":"Arnaud Paquet","twitter_card":"summary_large_image","twitter_misc":{"Geschreven door":"Arnaud Paquet","Geschatte leestijd":"2 minuten"},"schema":{"@context":"https:\/\/schema.org","@graph":[{"@type":"Article","@id":"https:\/\/www.mentorescale.be\/nl\/vandaag-ben-ik-17-jaar-ik-zit-in-het-4de-jaar-mechanica-en-ik-werk-ernaast\/#article","isPartOf":{"@id":"https:\/\/www.mentorescale.be\/nl\/vandaag-ben-ik-17-jaar-ik-zit-in-het-4de-jaar-mechanica-en-ik-werk-ernaast\/"},"author":{"name":"Arnaud Paquet","@id":"https:\/\/www.mentorescale.be\/#\/schema\/person\/8df656cfcdc9d354ad1c81ef1cf60544"},"headline":"&#8220;Vandaag ben ik 17 jaar, ik zit in het 4de jaar mechanica en ik werk ernaast&#8221;","datePublished":"2016-12-04T16:07:00+00:00","dateModified":"2024-10-30T12:49:03+00:00","mainEntityOfPage":{"@id":"https:\/\/www.mentorescale.be\/nl\/vandaag-ben-ik-17-jaar-ik-zit-in-het-4de-jaar-mechanica-en-ik-werk-ernaast\/"},"wordCount":386,"commentCount":0,"publisher":{"@id":"https:\/\/www.mentorescale.be\/#organization"},"articleSection":["Getuigenissen"],"inLanguage":"nl","potentialAction":[{"@type":"CommentAction","name":"Comment","target":["https:\/\/www.mentorescale.be\/nl\/vandaag-ben-ik-17-jaar-ik-zit-in-het-4de-jaar-mechanica-en-ik-werk-ernaast\/#respond"]}]},{"@type":"WebPage","@id":"https:\/\/www.mentorescale.be\/nl\/vandaag-ben-ik-17-jaar-ik-zit-in-het-4de-jaar-mechanica-en-ik-werk-ernaast\/","url":"https:\/\/www.mentorescale.be\/nl\/vandaag-ben-ik-17-jaar-ik-zit-in-het-4de-jaar-mechanica-en-ik-werk-ernaast\/","name":"\"Vandaag ben ik 17 jaar, ik zit in het 4de jaar mechanica en ik werk ernaast\" - Mentor-Escale","isPartOf":{"@id":"https:\/\/www.mentorescale.be\/#website"},"datePublished":"2016-12-04T16:07:00+00:00","dateModified":"2024-10-30T12:49:03+00:00","breadcrumb":{"@id":"https:\/\/www.mentorescale.be\/nl\/vandaag-ben-ik-17-jaar-ik-zit-in-het-4de-jaar-mechanica-en-ik-werk-ernaast\/#breadcrumb"},"inLanguage":"nl","potentialAction":[{"@type":"ReadAction","target":["https:\/\/www.mentorescale.be\/nl\/vandaag-ben-ik-17-jaar-ik-zit-in-het-4de-jaar-mechanica-en-ik-werk-ernaast\/"]}]},{"@type":"BreadcrumbList","@id":"https:\/\/www.mentorescale.be\/nl\/vandaag-ben-ik-17-jaar-ik-zit-in-het-4de-jaar-mechanica-en-ik-werk-ernaast\/#breadcrumb","itemListElement":[{"@type":"ListItem","position":1,"name":"Home","item":"https:\/\/www.mentorescale.be\/"},{"@type":"ListItem","position":2,"name":"&#8220;Vandaag ben ik 17 jaar, ik zit in het 4de jaar mechanica en ik werk ernaast&#8221;"}]},{"@type":"WebSite","@id":"https:\/\/www.mentorescale.be\/#website","url":"https:\/\/www.mentorescale.be\/","name":"Mentor-Escale","description":"Accompagnement pour jeunes exil\u00e9s","publisher":{"@id":"https:\/\/www.mentorescale.be\/#organization"},"potentialAction":[{"@type":"SearchAction","target":{"@type":"EntryPoint","urlTemplate":"https:\/\/www.mentorescale.be\/?s={search_term_string}"},"query-input":"required name=search_term_string"}],"inLanguage":"nl"},{"@type":"Organization","@id":"https:\/\/www.mentorescale.be\/#organization","name":"Mentor-Escale","url":"https:\/\/www.mentorescale.be\/","logo":{"@type":"ImageObject","inLanguage":"nl","@id":"https:\/\/www.mentorescale.be\/#\/schema\/logo\/image\/","url":"https:\/\/www.mentorescale.be\/wp-content\/uploads\/2021\/03\/PICTO_OISEAU-carre.png","contentUrl":"https:\/\/www.mentorescale.be\/wp-content\/uploads\/2021\/03\/PICTO_OISEAU-carre.png","width":512,"height":512,"caption":"Mentor-Escale"},"image":{"@id":"https:\/\/www.mentorescale.be\/#\/schema\/logo\/image\/"},"sameAs":["https:\/\/www.facebook.com\/mentorescaleASBL\/","https:\/\/www.instagram.com\/mentor_escale\/?hl=fr","https:\/\/be.linkedin.com\/company\/mentor---escale","https:\/\/www.youtube.com\/channel\/UCnw8NLnwqoNoSrkWv3b1Psw\/videos"]},{"@type":"Person","@id":"https:\/\/www.mentorescale.be\/#\/schema\/person\/8df656cfcdc9d354ad1c81ef1cf60544","name":"Arnaud Paquet","url":"https:\/\/www.mentorescale.be\/nl\/author\/apaquet\/"}]}},"_links":{"self":[{"href":"https:\/\/www.mentorescale.be\/nl\/wp-json\/wp\/v2\/posts\/13051"}],"collection":[{"href":"https:\/\/www.mentorescale.be\/nl\/wp-json\/wp\/v2\/posts"}],"about":[{"href":"https:\/\/www.mentorescale.be\/nl\/wp-json\/wp\/v2\/types\/post"}],"author":[{"embeddable":true,"href":"https:\/\/www.mentorescale.be\/nl\/wp-json\/wp\/v2\/users\/5"}],"replies":[{"embeddable":true,"href":"https:\/\/www.mentorescale.be\/nl\/wp-json\/wp\/v2\/comments?post=13051"}],"version-history":[{"count":3,"href":"https:\/\/www.mentorescale.be\/nl\/wp-json\/wp\/v2\/posts\/13051\/revisions"}],"predecessor-version":[{"id":15701,"href":"https:\/\/www.mentorescale.be\/nl\/wp-json\/wp\/v2\/posts\/13051\/revisions\/15701"}],"wp:featuredmedia":[{"embeddable":true,"href":"https:\/\/www.mentorescale.be\/nl\/wp-json\/wp\/v2\/media\/13053"}],"wp:attachment":[{"href":"https:\/\/www.mentorescale.be\/nl\/wp-json\/wp\/v2\/media?parent=13051"}],"wp:term":[{"taxonomy":"category","embeddable":true,"href":"https:\/\/www.mentorescale.be\/nl\/wp-json\/wp\/v2\/categories?post=13051"},{"taxonomy":"post_tag","embeddable":true,"href":"https:\/\/www.mentorescale.be\/nl\/wp-json\/wp\/v2\/tags?post=13051"}],"curies":[{"name":"wp","href":"https:\/\/api.w.org\/{rel}","templated":true}]}}