{"id":13076,"date":"2014-05-07T17:14:00","date_gmt":"2014-05-07T15:14:00","guid":{"rendered":"https:\/\/www.mentorescale.be\/?p=13076"},"modified":"2024-10-30T13:49:05","modified_gmt":"2024-10-30T12:49:05","slug":"ik-kan-zeer-persoonlijke-dingen-bespreken","status":"publish","type":"post","link":"https:\/\/www.mentorescale.be\/nl\/ik-kan-zeer-persoonlijke-dingen-bespreken\/","title":{"rendered":"&#8220;Ik kan zeer persoonlijke dingen bespreken&#8221;"},"content":{"rendered":"\t\t<div data-elementor-type=\"wp-post\" data-elementor-id=\"13076\" class=\"elementor elementor-13076 elementor-2279\">\n\t\t\t\t\t\t\t\t\t<section class=\"elementor-section elementor-top-section elementor-element elementor-element-2573cc9 elementor-section-boxed elementor-section-height-default elementor-section-height-default\" data-id=\"2573cc9\" data-element_type=\"section\" data-settings=\"{&quot;_ha_eqh_enable&quot;:false}\">\n\t\t\t\t\t\t<div class=\"elementor-container elementor-column-gap-default\">\n\t\t\t\t\t<div class=\"elementor-column elementor-col-100 elementor-top-column elementor-element elementor-element-6e4f85a\" data-id=\"6e4f85a\" data-element_type=\"column\">\n\t\t\t<div class=\"elementor-widget-wrap elementor-element-populated\">\n\t\t\t\t\t\t\t\t<div class=\"elementor-element elementor-element-ed8c094 elementor-widget elementor-widget-text-editor\" data-id=\"ed8c094\" data-element_type=\"widget\" data-widget_type=\"text-editor.default\">\n\t\t\t\t<div class=\"elementor-widget-container\">\n\t\t\t\t\t\t\t<p>T\u00e9moignage de Nahom, arriv\u00e9 seul d&#8217;Erythr\u00e9e en Belgique \u00e0 16 ans.<\/p>\t\t\t\t\t\t<\/div>\n\t\t\t\t<\/div>\n\t\t\t\t<div class=\"elementor-element elementor-element-23d9c14 elementor-widget-divider--view-line elementor-widget elementor-widget-divider\" data-id=\"23d9c14\" data-element_type=\"widget\" data-widget_type=\"divider.default\">\n\t\t\t\t<div class=\"elementor-widget-container\">\n\t\t\t\t\t<div class=\"elementor-divider\">\n\t\t\t<span class=\"elementor-divider-separator\">\n\t\t\t\t\t\t<\/span>\n\t\t<\/div>\n\t\t\t\t<\/div>\n\t\t\t\t<\/div>\n\t\t\t\t<div class=\"elementor-element elementor-element-66d0f55 elementor-widget elementor-widget-text-editor\" data-id=\"66d0f55\" data-element_type=\"widget\" data-widget_type=\"text-editor.default\">\n\t\t\t\t<div class=\"elementor-widget-container\">\n\t\t\t\t\t\t\t<p>Je viens d\u2019Erythr\u00e9e, j\u2019ai 18 ans. Je suis arriv\u00e9 en Belgique \u00e0 16 ans. Je suis parti de mon pays \u00e0 cause des probl\u00e8mes politiques qu\u2019il y a l\u00e0-bas. Ce n\u2019est pas une d\u00e9mocratie, on ne nous demande pas notre avis. Il n\u2019y a pas non plus d\u2019\u00e9coles ou, s\u2019il y a des \u00e9coles, il n\u2019y a pas de professeurs. \u00c7a arrive qu\u2019on aille \u00e0 l\u2019\u00e9cole, mais toute la journ\u00e9e on est enferm\u00e9 en classe \u00e0 ne rien faire. Et puis d\u00e8s qu\u2019on a 18 ans, on doit entrer dans l\u2019arm\u00e9e. C\u2019est un pays dangereux. Il ne reste plus que les parents et les enfants, tous les jeunes sont partis.<\/p><p>Je suis pass\u00e9 d\u2019Erythr\u00e9e en Ethiopie, puis au Soudan, en Egypte, en Lybie et puis, de Lybie, j\u2019ai \u00e9t\u00e9 en Italie, puis en France et enfin Belgique. On voyageait parfois en voiture, parfois \u00e0 pied. On \u00e9tait plusieurs personnes, certaines que je connaissais, d\u2019autres que je ne connaissais pas. En Lybie, c\u2019\u00e9tait tr\u00e8s difficile\u2026 Ceux qui nous ont amen\u00e9s dans le d\u00e9sert, ils \u00e9taient arm\u00e9s, et si on disait quelque chose, ils nous tuaient. Il y avait des femmes avec nous, et ils les prenaient \u00e0 part et faisaient ce qu\u2019ils voulaient avec elles. Si quelqu\u2019un avait trop soif ou ne savait plus marcher, ils l\u2019abandonnaient. Si quelqu\u2019un voulait s\u2019opposer \u00e0 \u00e7a, ils le laissaient aussi dans le d\u00e9sert.<\/p><p>Pour la travers\u00e9e vers l\u2019Italie ce n\u2019\u00e9tait pas un bateau, c\u2019\u00e9tait plus \u2026 comme un kayak je crois. C\u2019\u00e9tait tout petit, mais avec 400 personnes dessus ou peut-\u00eatre plus. Je n\u2019ai pas eu trop peur, parce que depuis mon d\u00e9part j\u2019avais la foi que j\u2019allais r\u00e9ussir ce voyage.<br \/>Puis, je suis arriv\u00e9 en Belgique. Je ne pensais pas que ce serait comme \u00e7a. Je ne savais pas comment c\u2019\u00e9tait la Belgique. Au pays, il n\u2019y a pas d\u2019\u00e9lectricit\u00e9, on a pas de t\u00e9l\u00e9, alors on ne sait pas. Quand je suis arriv\u00e9, il y avait la pluie, la neige, les interviews de Fedasil, et l\u2019attente. Ce n\u2019\u00e9tait pas \u00e9vident.<br \/>Ce qui est bien en Belgique, c\u2019est qu\u2019il y a des lois. Et puis les gens aussi. C\u2019est pas comme chez nous, ici, ils ne te d\u00e9rangent pas. Mais en m\u00eame temps, c\u2019est bizarre aussi, par exemple, les voisins ne se connaissaient pas, ne se parlent pas.<\/p><p>Je viens chez Mentor-Escale depuis huit mois. C\u2019est chouette Mentor-Escale, c\u2019est bien pour moi. Ils m\u2019ont aid\u00e9 pour pleins de choses\u2026 pour tout\u2026 J\u2019ai pu me faire beaucoup d\u2019amis \u00e0 Mentor et \u00e0 l\u2019\u00e9cole. En ce moment, je cherche une formation. Je veux \u00eatre \u00e9lectricien. Je pense que quand j\u2019aurai r\u00e9ussi mes \u00e9tudes, je voudrai fonder une famille.<\/p>\t\t\t\t\t\t<\/div>\n\t\t\t\t<\/div>\n\t\t\t\t\t<\/div>\n\t\t<\/div>\n\t\t\t\t\t\t\t<\/div>\n\t\t<\/section>\n\t\t\t\t<section class=\"elementor-section elementor-top-section elementor-element elementor-element-571147c elementor-section-boxed elementor-section-height-default elementor-section-height-default\" data-id=\"571147c\" data-element_type=\"section\" data-settings=\"{&quot;_ha_eqh_enable&quot;:false}\">\n\t\t\t\t\t\t<div class=\"elementor-container elementor-column-gap-default\">\n\t\t\t\t\t<div class=\"elementor-column elementor-col-100 elementor-top-column elementor-element elementor-element-cd1f309\" data-id=\"cd1f309\" data-element_type=\"column\">\n\t\t\t<div class=\"elementor-widget-wrap elementor-element-populated\">\n\t\t\t\t\t\t\t\t<div class=\"elementor-element elementor-element-5a1d198 elementor-list-item-link-inline elementor-align-center elementor-mobile-align-center elementor-icon-list--layout-traditional elementor-widget elementor-widget-icon-list\" data-id=\"5a1d198\" data-element_type=\"widget\" data-widget_type=\"icon-list.default\">\n\t\t\t\t<div class=\"elementor-widget-container\">\n\t\t\t\t\t<ul class=\"elementor-icon-list-items\">\n\t\t\t\t\t\t\t<li class=\"elementor-icon-list-item\">\n\t\t\t\t\t\t\t\t\t\t\t<a href=\"https:\/\/www.mentorescale.be\/nl\/suivre-news\/\">\n\n\t\t\t\t\t\t\t\t\t\t\t\t<span class=\"elementor-icon-list-icon\">\n\t\t\t\t\t\t\t<i aria-hidden=\"true\" class=\"fas fa-arrow-circle-right\"><\/i>\t\t\t\t\t\t<\/span>\n\t\t\t\t\t\t\t\t\t\t<span class=\"elementor-icon-list-text\">Terug naar de \"News\" pagina<\/span>\n\t\t\t\t\t\t\t\t\t\t\t<\/a>\n\t\t\t\t\t\t\t\t\t<\/li>\n\t\t\t\t\t\t<\/ul>\n\t\t\t\t<\/div>\n\t\t\t\t<\/div>\n\t\t\t\t\t<\/div>\n\t\t<\/div>\n\t\t\t\t\t\t\t<\/div>\n\t\t<\/section>\n\t\t\t\t\t\t\t<\/div>\n\t\t","protected":false},"excerpt":{"rendered":"<p>T\u00e9moignage de Nahom, arriv\u00e9 seul d&#8217;Erythr\u00e9e en Belgique \u00e0 16 ans. Je viens d\u2019Erythr\u00e9e, j\u2019ai 18 ans. Je suis arriv\u00e9 en Belgique \u00e0 16 ans. Je suis parti de mon pays \u00e0 cause des probl\u00e8mes politiques qu\u2019il y a l\u00e0-bas. Ce n\u2019est pas une d\u00e9mocratie, on ne nous demande pas notre avis. Il n\u2019y a [&hellip;]<\/p>\n","protected":false},"author":5,"featured_media":13078,"comment_status":"open","ping_status":"open","sticky":false,"template":"","format":"standard","meta":{"_mi_skip_tracking":false,"_monsterinsights_sitenote_active":false,"_monsterinsights_sitenote_note":"","_monsterinsights_sitenote_category":0,"footnotes":""},"categories":[119],"tags":[],"yoast_head":"<!-- This site is optimized with the Yoast SEO plugin v21.4 - https:\/\/yoast.com\/wordpress\/plugins\/seo\/ -->\n<title>&quot;Ik kan zeer persoonlijke dingen bespreken&quot; - Mentor-Escale<\/title>\n<meta name=\"robots\" content=\"index, follow, max-snippet:-1, max-image-preview:large, max-video-preview:-1\" \/>\n<link rel=\"canonical\" href=\"https:\/\/www.mentorescale.be\/nl\/ik-kan-zeer-persoonlijke-dingen-bespreken\/\" \/>\n<meta property=\"og:locale\" content=\"nl_NL\" \/>\n<meta property=\"og:type\" content=\"article\" \/>\n<meta property=\"og:title\" content=\"&quot;Ik kan zeer persoonlijke dingen bespreken&quot; - Mentor-Escale\" \/>\n<meta property=\"og:description\" content=\"T\u00e9moignage de Nahom, arriv\u00e9 seul d&#8217;Erythr\u00e9e en Belgique \u00e0 16 ans. Je viens d\u2019Erythr\u00e9e, j\u2019ai 18 ans. Je suis arriv\u00e9 en Belgique \u00e0 16 ans. Je suis parti de mon pays \u00e0 cause des probl\u00e8mes politiques qu\u2019il y a l\u00e0-bas. Ce n\u2019est pas une d\u00e9mocratie, on ne nous demande pas notre avis. Il n\u2019y a [&hellip;]\" \/>\n<meta property=\"og:url\" content=\"https:\/\/www.mentorescale.be\/nl\/ik-kan-zeer-persoonlijke-dingen-bespreken\/\" \/>\n<meta property=\"og:site_name\" content=\"Mentor-Escale\" \/>\n<meta property=\"article:publisher\" content=\"https:\/\/www.facebook.com\/mentorescaleASBL\/\" \/>\n<meta property=\"article:published_time\" content=\"2014-05-07T15:14:00+00:00\" \/>\n<meta property=\"article:modified_time\" content=\"2024-10-30T12:49:05+00:00\" \/>\n<meta property=\"og:image\" content=\"https:\/\/www.mentorescale.be\/wp-content\/uploads\/2017\/05\/jeunes.jpg\" \/>\n\t<meta property=\"og:image:width\" content=\"1920\" \/>\n\t<meta property=\"og:image:height\" content=\"1280\" \/>\n\t<meta property=\"og:image:type\" content=\"image\/jpeg\" \/>\n<meta name=\"author\" content=\"Arnaud Paquet\" \/>\n<meta name=\"twitter:card\" content=\"summary_large_image\" \/>\n<meta name=\"twitter:label1\" content=\"Geschreven door\" \/>\n\t<meta name=\"twitter:data1\" content=\"Arnaud Paquet\" \/>\n\t<meta name=\"twitter:label2\" content=\"Geschatte leestijd\" \/>\n\t<meta name=\"twitter:data2\" content=\"3 minuten\" \/>\n<script type=\"application\/ld+json\" class=\"yoast-schema-graph\">{\"@context\":\"https:\/\/schema.org\",\"@graph\":[{\"@type\":\"Article\",\"@id\":\"https:\/\/www.mentorescale.be\/nl\/ik-kan-zeer-persoonlijke-dingen-bespreken\/#article\",\"isPartOf\":{\"@id\":\"https:\/\/www.mentorescale.be\/nl\/ik-kan-zeer-persoonlijke-dingen-bespreken\/\"},\"author\":{\"name\":\"Arnaud Paquet\",\"@id\":\"https:\/\/www.mentorescale.be\/#\/schema\/person\/8df656cfcdc9d354ad1c81ef1cf60544\"},\"headline\":\"&#8220;Ik kan zeer persoonlijke dingen bespreken&#8221;\",\"datePublished\":\"2014-05-07T15:14:00+00:00\",\"dateModified\":\"2024-10-30T12:49:05+00:00\",\"mainEntityOfPage\":{\"@id\":\"https:\/\/www.mentorescale.be\/nl\/ik-kan-zeer-persoonlijke-dingen-bespreken\/\"},\"wordCount\":517,\"commentCount\":0,\"publisher\":{\"@id\":\"https:\/\/www.mentorescale.be\/#organization\"},\"articleSection\":[\"Getuigenissen\"],\"inLanguage\":\"nl\",\"potentialAction\":[{\"@type\":\"CommentAction\",\"name\":\"Comment\",\"target\":[\"https:\/\/www.mentorescale.be\/nl\/ik-kan-zeer-persoonlijke-dingen-bespreken\/#respond\"]}]},{\"@type\":\"WebPage\",\"@id\":\"https:\/\/www.mentorescale.be\/nl\/ik-kan-zeer-persoonlijke-dingen-bespreken\/\",\"url\":\"https:\/\/www.mentorescale.be\/nl\/ik-kan-zeer-persoonlijke-dingen-bespreken\/\",\"name\":\"\\\"Ik kan zeer persoonlijke dingen bespreken\\\" - Mentor-Escale\",\"isPartOf\":{\"@id\":\"https:\/\/www.mentorescale.be\/#website\"},\"datePublished\":\"2014-05-07T15:14:00+00:00\",\"dateModified\":\"2024-10-30T12:49:05+00:00\",\"breadcrumb\":{\"@id\":\"https:\/\/www.mentorescale.be\/nl\/ik-kan-zeer-persoonlijke-dingen-bespreken\/#breadcrumb\"},\"inLanguage\":\"nl\",\"potentialAction\":[{\"@type\":\"ReadAction\",\"target\":[\"https:\/\/www.mentorescale.be\/nl\/ik-kan-zeer-persoonlijke-dingen-bespreken\/\"]}]},{\"@type\":\"BreadcrumbList\",\"@id\":\"https:\/\/www.mentorescale.be\/nl\/ik-kan-zeer-persoonlijke-dingen-bespreken\/#breadcrumb\",\"itemListElement\":[{\"@type\":\"ListItem\",\"position\":1,\"name\":\"Home\",\"item\":\"https:\/\/www.mentorescale.be\/\"},{\"@type\":\"ListItem\",\"position\":2,\"name\":\"&#8220;Ik kan zeer persoonlijke dingen bespreken&#8221;\"}]},{\"@type\":\"WebSite\",\"@id\":\"https:\/\/www.mentorescale.be\/#website\",\"url\":\"https:\/\/www.mentorescale.be\/\",\"name\":\"Mentor-Escale\",\"description\":\"Accompagnement pour jeunes exil\u00e9s\",\"publisher\":{\"@id\":\"https:\/\/www.mentorescale.be\/#organization\"},\"potentialAction\":[{\"@type\":\"SearchAction\",\"target\":{\"@type\":\"EntryPoint\",\"urlTemplate\":\"https:\/\/www.mentorescale.be\/?s={search_term_string}\"},\"query-input\":\"required name=search_term_string\"}],\"inLanguage\":\"nl\"},{\"@type\":\"Organization\",\"@id\":\"https:\/\/www.mentorescale.be\/#organization\",\"name\":\"Mentor-Escale\",\"url\":\"https:\/\/www.mentorescale.be\/\",\"logo\":{\"@type\":\"ImageObject\",\"inLanguage\":\"nl\",\"@id\":\"https:\/\/www.mentorescale.be\/#\/schema\/logo\/image\/\",\"url\":\"https:\/\/www.mentorescale.be\/wp-content\/uploads\/2021\/03\/PICTO_OISEAU-carre.png\",\"contentUrl\":\"https:\/\/www.mentorescale.be\/wp-content\/uploads\/2021\/03\/PICTO_OISEAU-carre.png\",\"width\":512,\"height\":512,\"caption\":\"Mentor-Escale\"},\"image\":{\"@id\":\"https:\/\/www.mentorescale.be\/#\/schema\/logo\/image\/\"},\"sameAs\":[\"https:\/\/www.facebook.com\/mentorescaleASBL\/\",\"https:\/\/www.instagram.com\/mentor_escale\/?hl=fr\",\"https:\/\/be.linkedin.com\/company\/mentor---escale\",\"https:\/\/www.youtube.com\/channel\/UCnw8NLnwqoNoSrkWv3b1Psw\/videos\"]},{\"@type\":\"Person\",\"@id\":\"https:\/\/www.mentorescale.be\/#\/schema\/person\/8df656cfcdc9d354ad1c81ef1cf60544\",\"name\":\"Arnaud Paquet\",\"url\":\"https:\/\/www.mentorescale.be\/nl\/author\/apaquet\/\"}]}<\/script>\n<!-- \/ Yoast SEO plugin. -->","yoast_head_json":{"title":"\"Ik kan zeer persoonlijke dingen bespreken\" - Mentor-Escale","robots":{"index":"index","follow":"follow","max-snippet":"max-snippet:-1","max-image-preview":"max-image-preview:large","max-video-preview":"max-video-preview:-1"},"canonical":"https:\/\/www.mentorescale.be\/nl\/ik-kan-zeer-persoonlijke-dingen-bespreken\/","og_locale":"nl_NL","og_type":"article","og_title":"\"Ik kan zeer persoonlijke dingen bespreken\" - Mentor-Escale","og_description":"T\u00e9moignage de Nahom, arriv\u00e9 seul d&#8217;Erythr\u00e9e en Belgique \u00e0 16 ans. Je viens d\u2019Erythr\u00e9e, j\u2019ai 18 ans. Je suis arriv\u00e9 en Belgique \u00e0 16 ans. Je suis parti de mon pays \u00e0 cause des probl\u00e8mes politiques qu\u2019il y a l\u00e0-bas. Ce n\u2019est pas une d\u00e9mocratie, on ne nous demande pas notre avis. Il n\u2019y a [&hellip;]","og_url":"https:\/\/www.mentorescale.be\/nl\/ik-kan-zeer-persoonlijke-dingen-bespreken\/","og_site_name":"Mentor-Escale","article_publisher":"https:\/\/www.facebook.com\/mentorescaleASBL\/","article_published_time":"2014-05-07T15:14:00+00:00","article_modified_time":"2024-10-30T12:49:05+00:00","og_image":[{"width":1920,"height":1280,"url":"https:\/\/www.mentorescale.be\/wp-content\/uploads\/2017\/05\/jeunes.jpg","type":"image\/jpeg"}],"author":"Arnaud Paquet","twitter_card":"summary_large_image","twitter_misc":{"Geschreven door":"Arnaud Paquet","Geschatte leestijd":"3 minuten"},"schema":{"@context":"https:\/\/schema.org","@graph":[{"@type":"Article","@id":"https:\/\/www.mentorescale.be\/nl\/ik-kan-zeer-persoonlijke-dingen-bespreken\/#article","isPartOf":{"@id":"https:\/\/www.mentorescale.be\/nl\/ik-kan-zeer-persoonlijke-dingen-bespreken\/"},"author":{"name":"Arnaud Paquet","@id":"https:\/\/www.mentorescale.be\/#\/schema\/person\/8df656cfcdc9d354ad1c81ef1cf60544"},"headline":"&#8220;Ik kan zeer persoonlijke dingen bespreken&#8221;","datePublished":"2014-05-07T15:14:00+00:00","dateModified":"2024-10-30T12:49:05+00:00","mainEntityOfPage":{"@id":"https:\/\/www.mentorescale.be\/nl\/ik-kan-zeer-persoonlijke-dingen-bespreken\/"},"wordCount":517,"commentCount":0,"publisher":{"@id":"https:\/\/www.mentorescale.be\/#organization"},"articleSection":["Getuigenissen"],"inLanguage":"nl","potentialAction":[{"@type":"CommentAction","name":"Comment","target":["https:\/\/www.mentorescale.be\/nl\/ik-kan-zeer-persoonlijke-dingen-bespreken\/#respond"]}]},{"@type":"WebPage","@id":"https:\/\/www.mentorescale.be\/nl\/ik-kan-zeer-persoonlijke-dingen-bespreken\/","url":"https:\/\/www.mentorescale.be\/nl\/ik-kan-zeer-persoonlijke-dingen-bespreken\/","name":"\"Ik kan zeer persoonlijke dingen bespreken\" - Mentor-Escale","isPartOf":{"@id":"https:\/\/www.mentorescale.be\/#website"},"datePublished":"2014-05-07T15:14:00+00:00","dateModified":"2024-10-30T12:49:05+00:00","breadcrumb":{"@id":"https:\/\/www.mentorescale.be\/nl\/ik-kan-zeer-persoonlijke-dingen-bespreken\/#breadcrumb"},"inLanguage":"nl","potentialAction":[{"@type":"ReadAction","target":["https:\/\/www.mentorescale.be\/nl\/ik-kan-zeer-persoonlijke-dingen-bespreken\/"]}]},{"@type":"BreadcrumbList","@id":"https:\/\/www.mentorescale.be\/nl\/ik-kan-zeer-persoonlijke-dingen-bespreken\/#breadcrumb","itemListElement":[{"@type":"ListItem","position":1,"name":"Home","item":"https:\/\/www.mentorescale.be\/"},{"@type":"ListItem","position":2,"name":"&#8220;Ik kan zeer persoonlijke dingen bespreken&#8221;"}]},{"@type":"WebSite","@id":"https:\/\/www.mentorescale.be\/#website","url":"https:\/\/www.mentorescale.be\/","name":"Mentor-Escale","description":"Accompagnement pour jeunes exil\u00e9s","publisher":{"@id":"https:\/\/www.mentorescale.be\/#organization"},"potentialAction":[{"@type":"SearchAction","target":{"@type":"EntryPoint","urlTemplate":"https:\/\/www.mentorescale.be\/?s={search_term_string}"},"query-input":"required name=search_term_string"}],"inLanguage":"nl"},{"@type":"Organization","@id":"https:\/\/www.mentorescale.be\/#organization","name":"Mentor-Escale","url":"https:\/\/www.mentorescale.be\/","logo":{"@type":"ImageObject","inLanguage":"nl","@id":"https:\/\/www.mentorescale.be\/#\/schema\/logo\/image\/","url":"https:\/\/www.mentorescale.be\/wp-content\/uploads\/2021\/03\/PICTO_OISEAU-carre.png","contentUrl":"https:\/\/www.mentorescale.be\/wp-content\/uploads\/2021\/03\/PICTO_OISEAU-carre.png","width":512,"height":512,"caption":"Mentor-Escale"},"image":{"@id":"https:\/\/www.mentorescale.be\/#\/schema\/logo\/image\/"},"sameAs":["https:\/\/www.facebook.com\/mentorescaleASBL\/","https:\/\/www.instagram.com\/mentor_escale\/?hl=fr","https:\/\/be.linkedin.com\/company\/mentor---escale","https:\/\/www.youtube.com\/channel\/UCnw8NLnwqoNoSrkWv3b1Psw\/videos"]},{"@type":"Person","@id":"https:\/\/www.mentorescale.be\/#\/schema\/person\/8df656cfcdc9d354ad1c81ef1cf60544","name":"Arnaud Paquet","url":"https:\/\/www.mentorescale.be\/nl\/author\/apaquet\/"}]}},"_links":{"self":[{"href":"https:\/\/www.mentorescale.be\/nl\/wp-json\/wp\/v2\/posts\/13076"}],"collection":[{"href":"https:\/\/www.mentorescale.be\/nl\/wp-json\/wp\/v2\/posts"}],"about":[{"href":"https:\/\/www.mentorescale.be\/nl\/wp-json\/wp\/v2\/types\/post"}],"author":[{"embeddable":true,"href":"https:\/\/www.mentorescale.be\/nl\/wp-json\/wp\/v2\/users\/5"}],"replies":[{"embeddable":true,"href":"https:\/\/www.mentorescale.be\/nl\/wp-json\/wp\/v2\/comments?post=13076"}],"version-history":[{"count":3,"href":"https:\/\/www.mentorescale.be\/nl\/wp-json\/wp\/v2\/posts\/13076\/revisions"}],"predecessor-version":[{"id":15704,"href":"https:\/\/www.mentorescale.be\/nl\/wp-json\/wp\/v2\/posts\/13076\/revisions\/15704"}],"wp:featuredmedia":[{"embeddable":true,"href":"https:\/\/www.mentorescale.be\/nl\/wp-json\/wp\/v2\/media\/13078"}],"wp:attachment":[{"href":"https:\/\/www.mentorescale.be\/nl\/wp-json\/wp\/v2\/media?parent=13076"}],"wp:term":[{"taxonomy":"category","embeddable":true,"href":"https:\/\/www.mentorescale.be\/nl\/wp-json\/wp\/v2\/categories?post=13076"},{"taxonomy":"post_tag","embeddable":true,"href":"https:\/\/www.mentorescale.be\/nl\/wp-json\/wp\/v2\/tags?post=13076"}],"curies":[{"name":"wp","href":"https:\/\/api.w.org\/{rel}","templated":true}]}}