{"id":13080,"date":"2014-05-06T17:15:00","date_gmt":"2014-05-06T15:15:00","guid":{"rendered":"https:\/\/www.mentorescale.be\/?p=13080"},"modified":"2024-10-30T13:49:07","modified_gmt":"2024-10-30T12:49:07","slug":"als-ik-me-slecht-voel-ga-ik-naar-mentor-escale","status":"publish","type":"post","link":"https:\/\/www.mentorescale.be\/nl\/als-ik-me-slecht-voel-ga-ik-naar-mentor-escale\/","title":{"rendered":"&#8220;Als ik me slecht voel, ga ik naar Mentor-Escale&#8221;"},"content":{"rendered":"\t\t<div data-elementor-type=\"wp-post\" data-elementor-id=\"13080\" class=\"elementor elementor-13080 elementor-2281\">\n\t\t\t\t\t\t\t\t\t<section class=\"elementor-section elementor-top-section elementor-element elementor-element-efa444e elementor-section-boxed elementor-section-height-default elementor-section-height-default\" data-id=\"efa444e\" data-element_type=\"section\" data-settings=\"{&quot;_ha_eqh_enable&quot;:false}\">\n\t\t\t\t\t\t<div class=\"elementor-container elementor-column-gap-default\">\n\t\t\t\t\t<div class=\"elementor-column elementor-col-100 elementor-top-column elementor-element elementor-element-6d5d4be\" data-id=\"6d5d4be\" data-element_type=\"column\">\n\t\t\t<div class=\"elementor-widget-wrap elementor-element-populated\">\n\t\t\t\t\t\t\t\t<div class=\"elementor-element elementor-element-4b0f7b9 elementor-widget elementor-widget-text-editor\" data-id=\"4b0f7b9\" data-element_type=\"widget\" data-widget_type=\"text-editor.default\">\n\t\t\t\t<div class=\"elementor-widget-container\">\n\t\t\t\t\t\t\t<p>T\u00e9moignage de Chadia, arriv\u00e9e seule du Maroc en Belgique.<\/p>\t\t\t\t\t\t<\/div>\n\t\t\t\t<\/div>\n\t\t\t\t<div class=\"elementor-element elementor-element-0cc80e5 elementor-widget-divider--view-line elementor-widget elementor-widget-divider\" data-id=\"0cc80e5\" data-element_type=\"widget\" data-widget_type=\"divider.default\">\n\t\t\t\t<div class=\"elementor-widget-container\">\n\t\t\t\t\t<div class=\"elementor-divider\">\n\t\t\t<span class=\"elementor-divider-separator\">\n\t\t\t\t\t\t<\/span>\n\t\t<\/div>\n\t\t\t\t<\/div>\n\t\t\t\t<\/div>\n\t\t\t\t<div class=\"elementor-element elementor-element-0dd0469 elementor-widget elementor-widget-text-editor\" data-id=\"0dd0469\" data-element_type=\"widget\" data-widget_type=\"text-editor.default\">\n\t\t\t\t<div class=\"elementor-widget-container\">\n\t\t\t\t\t\t\t<p>Je suis n\u00e9e \u00e0 Casablanca, dans une famille tr\u00e8s modeste. Ma vie en tant que fille marocaine \u00e9tait de m\u2019occuper des t\u00e2ches m\u00e9nag\u00e8res.<\/p><p>Pour ramener de l\u2019argent \u00e0 la famille, je devais penser \u00e0 me prostituer, c\u2019\u00e9tait le seul moyen pour les jeunes filles de ramener de l\u2019argent. Ma m\u00e8re ne voulait pas, alors elle m\u2019a envoy\u00e9e, \u00e0 l\u2019\u00e2ge de 13 ans et demi chez mon grand fr\u00e8re au Luxembourg. J\u2019y suis rest\u00e9e un an mais ma belle-s\u0153ur \u00e9tait violente avec moi. Alors mon fr\u00e8re m\u2019a dit d\u2019aller chez un ami, qui lui m\u2019a viol\u00e9e.<\/p><p>Je suis alors rest\u00e9e dans un centre d\u2019accueil en Belgique pendant un an et demi. Ce fut tr\u00e8s dur, je me renfermais sur moi, je n\u2019avais plus d\u2019espoir. Par la suite, je suis arriv\u00e9e \u00e0 Bruxelles. Je ne connaissais personne, j\u2019avais des difficult\u00e9s \u00e0 m\u2019exprimer en fran\u00e7ais. Au Maroc, j\u2019allais \u00e0 l\u2019\u00e9cole en fran\u00e7ais mais pourtant je ne savais ni lire ni \u00e9crire.<\/p><p>Quand je suis arriv\u00e9e \u00e0 Mentor-Escale, je me sentais perdue, je ne connaissais personne, j\u2019\u00e9tais craintive. Au fil du temps, j\u2019ai commenc\u00e9 \u00e0 participer aux activit\u00e9s et \u00e0 m\u2019ouvrir aux autres, j\u2019ai pris confiance en voyant que des personnes m\u2019aidaient. Depuis que je suis \u00e0 Mentor-Escale, je sais o\u00f9 et comment me faire aider. Cette ann\u00e9e, j\u2019ai suivi des cours \u00e0 \u00ab Lire et Ecrire \u00bb, j\u2019ai un logement, je suis motiv\u00e9e et j\u2019aime aller \u00e0 l\u2019\u00e9cole. Maintenant, j\u2019ai des amis \u00e0 Mentor et je n\u2019ai pas peur de donner mon avis. J\u2019aime participer aux activit\u00e9s de cuisine, organiser de petites f\u00eates. Ma vie est meilleure maintenant et je vais aller rendre visite \u00e0 ma famille pendant les vacances de P\u00e2ques.<\/p>\t\t\t\t\t\t<\/div>\n\t\t\t\t<\/div>\n\t\t\t\t\t<\/div>\n\t\t<\/div>\n\t\t\t\t\t\t\t<\/div>\n\t\t<\/section>\n\t\t\t\t<section class=\"elementor-section elementor-top-section elementor-element elementor-element-5c52680 elementor-section-boxed elementor-section-height-default elementor-section-height-default\" data-id=\"5c52680\" data-element_type=\"section\" data-settings=\"{&quot;_ha_eqh_enable&quot;:false}\">\n\t\t\t\t\t\t<div class=\"elementor-container elementor-column-gap-default\">\n\t\t\t\t\t<div class=\"elementor-column elementor-col-100 elementor-top-column elementor-element elementor-element-d944dda\" data-id=\"d944dda\" data-element_type=\"column\">\n\t\t\t<div class=\"elementor-widget-wrap elementor-element-populated\">\n\t\t\t\t\t\t\t\t<div class=\"elementor-element elementor-element-aa3a5a5 elementor-list-item-link-inline elementor-align-center elementor-mobile-align-center elementor-icon-list--layout-traditional elementor-widget elementor-widget-icon-list\" data-id=\"aa3a5a5\" data-element_type=\"widget\" data-widget_type=\"icon-list.default\">\n\t\t\t\t<div class=\"elementor-widget-container\">\n\t\t\t\t\t<ul class=\"elementor-icon-list-items\">\n\t\t\t\t\t\t\t<li class=\"elementor-icon-list-item\">\n\t\t\t\t\t\t\t\t\t\t\t<a href=\"https:\/\/www.mentorescale.be\/nl\/suivre-news\/\">\n\n\t\t\t\t\t\t\t\t\t\t\t\t<span class=\"elementor-icon-list-icon\">\n\t\t\t\t\t\t\t<i aria-hidden=\"true\" class=\"fas fa-arrow-circle-right\"><\/i>\t\t\t\t\t\t<\/span>\n\t\t\t\t\t\t\t\t\t\t<span class=\"elementor-icon-list-text\">Terug naar de \"News\" pagina<\/span>\n\t\t\t\t\t\t\t\t\t\t\t<\/a>\n\t\t\t\t\t\t\t\t\t<\/li>\n\t\t\t\t\t\t<\/ul>\n\t\t\t\t<\/div>\n\t\t\t\t<\/div>\n\t\t\t\t\t<\/div>\n\t\t<\/div>\n\t\t\t\t\t\t\t<\/div>\n\t\t<\/section>\n\t\t\t\t\t\t\t<\/div>\n\t\t","protected":false},"excerpt":{"rendered":"<p>T\u00e9moignage de Chadia, arriv\u00e9e seule du Maroc en Belgique. Je suis n\u00e9e \u00e0 Casablanca, dans une famille tr\u00e8s modeste. Ma vie en tant que fille marocaine \u00e9tait de m\u2019occuper des t\u00e2ches m\u00e9nag\u00e8res. Pour ramener de l\u2019argent \u00e0 la famille, je devais penser \u00e0 me prostituer, c\u2019\u00e9tait le seul moyen pour les jeunes filles de ramener [&hellip;]<\/p>\n","protected":false},"author":5,"featured_media":13082,"comment_status":"open","ping_status":"open","sticky":false,"template":"","format":"standard","meta":{"_mi_skip_tracking":false,"_monsterinsights_sitenote_active":false,"_monsterinsights_sitenote_note":"","_monsterinsights_sitenote_category":0,"footnotes":""},"categories":[119],"tags":[],"yoast_head":"<!-- This site is optimized with the Yoast SEO plugin v21.4 - https:\/\/yoast.com\/wordpress\/plugins\/seo\/ -->\n<title>&quot;Als ik me slecht voel, ga ik naar Mentor-Escale&quot; - Mentor-Escale<\/title>\n<meta name=\"robots\" content=\"index, follow, max-snippet:-1, max-image-preview:large, max-video-preview:-1\" \/>\n<link rel=\"canonical\" href=\"https:\/\/www.mentorescale.be\/nl\/als-ik-me-slecht-voel-ga-ik-naar-mentor-escale\/\" \/>\n<meta property=\"og:locale\" content=\"nl_NL\" \/>\n<meta property=\"og:type\" content=\"article\" \/>\n<meta property=\"og:title\" content=\"&quot;Als ik me slecht voel, ga ik naar Mentor-Escale&quot; - Mentor-Escale\" \/>\n<meta property=\"og:description\" content=\"T\u00e9moignage de Chadia, arriv\u00e9e seule du Maroc en Belgique. Je suis n\u00e9e \u00e0 Casablanca, dans une famille tr\u00e8s modeste. Ma vie en tant que fille marocaine \u00e9tait de m\u2019occuper des t\u00e2ches m\u00e9nag\u00e8res. Pour ramener de l\u2019argent \u00e0 la famille, je devais penser \u00e0 me prostituer, c\u2019\u00e9tait le seul moyen pour les jeunes filles de ramener [&hellip;]\" \/>\n<meta property=\"og:url\" content=\"https:\/\/www.mentorescale.be\/nl\/als-ik-me-slecht-voel-ga-ik-naar-mentor-escale\/\" \/>\n<meta property=\"og:site_name\" content=\"Mentor-Escale\" \/>\n<meta property=\"article:publisher\" content=\"https:\/\/www.facebook.com\/mentorescaleASBL\/\" \/>\n<meta property=\"article:published_time\" content=\"2014-05-06T15:15:00+00:00\" \/>\n<meta property=\"article:modified_time\" content=\"2024-10-30T12:49:07+00:00\" \/>\n<meta property=\"og:image\" content=\"https:\/\/www.mentorescale.be\/wp-content\/uploads\/2014\/05\/Chadia.jpg\" \/>\n\t<meta property=\"og:image:width\" content=\"359\" \/>\n\t<meta property=\"og:image:height\" content=\"265\" \/>\n\t<meta property=\"og:image:type\" content=\"image\/jpeg\" \/>\n<meta name=\"author\" content=\"Arnaud Paquet\" \/>\n<meta name=\"twitter:card\" content=\"summary_large_image\" \/>\n<meta name=\"twitter:label1\" content=\"Geschreven door\" \/>\n\t<meta name=\"twitter:data1\" content=\"Arnaud Paquet\" \/>\n\t<meta name=\"twitter:label2\" content=\"Geschatte leestijd\" \/>\n\t<meta name=\"twitter:data2\" content=\"2 minuten\" \/>\n<script type=\"application\/ld+json\" class=\"yoast-schema-graph\">{\"@context\":\"https:\/\/schema.org\",\"@graph\":[{\"@type\":\"Article\",\"@id\":\"https:\/\/www.mentorescale.be\/nl\/als-ik-me-slecht-voel-ga-ik-naar-mentor-escale\/#article\",\"isPartOf\":{\"@id\":\"https:\/\/www.mentorescale.be\/nl\/als-ik-me-slecht-voel-ga-ik-naar-mentor-escale\/\"},\"author\":{\"name\":\"Arnaud Paquet\",\"@id\":\"https:\/\/www.mentorescale.be\/#\/schema\/person\/8df656cfcdc9d354ad1c81ef1cf60544\"},\"headline\":\"&#8220;Als ik me slecht voel, ga ik naar Mentor-Escale&#8221;\",\"datePublished\":\"2014-05-06T15:15:00+00:00\",\"dateModified\":\"2024-10-30T12:49:07+00:00\",\"mainEntityOfPage\":{\"@id\":\"https:\/\/www.mentorescale.be\/nl\/als-ik-me-slecht-voel-ga-ik-naar-mentor-escale\/\"},\"wordCount\":340,\"commentCount\":0,\"publisher\":{\"@id\":\"https:\/\/www.mentorescale.be\/#organization\"},\"articleSection\":[\"Getuigenissen\"],\"inLanguage\":\"nl\",\"potentialAction\":[{\"@type\":\"CommentAction\",\"name\":\"Comment\",\"target\":[\"https:\/\/www.mentorescale.be\/nl\/als-ik-me-slecht-voel-ga-ik-naar-mentor-escale\/#respond\"]}]},{\"@type\":\"WebPage\",\"@id\":\"https:\/\/www.mentorescale.be\/nl\/als-ik-me-slecht-voel-ga-ik-naar-mentor-escale\/\",\"url\":\"https:\/\/www.mentorescale.be\/nl\/als-ik-me-slecht-voel-ga-ik-naar-mentor-escale\/\",\"name\":\"\\\"Als ik me slecht voel, ga ik naar Mentor-Escale\\\" - Mentor-Escale\",\"isPartOf\":{\"@id\":\"https:\/\/www.mentorescale.be\/#website\"},\"datePublished\":\"2014-05-06T15:15:00+00:00\",\"dateModified\":\"2024-10-30T12:49:07+00:00\",\"breadcrumb\":{\"@id\":\"https:\/\/www.mentorescale.be\/nl\/als-ik-me-slecht-voel-ga-ik-naar-mentor-escale\/#breadcrumb\"},\"inLanguage\":\"nl\",\"potentialAction\":[{\"@type\":\"ReadAction\",\"target\":[\"https:\/\/www.mentorescale.be\/nl\/als-ik-me-slecht-voel-ga-ik-naar-mentor-escale\/\"]}]},{\"@type\":\"BreadcrumbList\",\"@id\":\"https:\/\/www.mentorescale.be\/nl\/als-ik-me-slecht-voel-ga-ik-naar-mentor-escale\/#breadcrumb\",\"itemListElement\":[{\"@type\":\"ListItem\",\"position\":1,\"name\":\"Home\",\"item\":\"https:\/\/www.mentorescale.be\/\"},{\"@type\":\"ListItem\",\"position\":2,\"name\":\"&#8220;Als ik me slecht voel, ga ik naar Mentor-Escale&#8221;\"}]},{\"@type\":\"WebSite\",\"@id\":\"https:\/\/www.mentorescale.be\/#website\",\"url\":\"https:\/\/www.mentorescale.be\/\",\"name\":\"Mentor-Escale\",\"description\":\"Accompagnement pour jeunes exil\u00e9s\",\"publisher\":{\"@id\":\"https:\/\/www.mentorescale.be\/#organization\"},\"potentialAction\":[{\"@type\":\"SearchAction\",\"target\":{\"@type\":\"EntryPoint\",\"urlTemplate\":\"https:\/\/www.mentorescale.be\/?s={search_term_string}\"},\"query-input\":\"required name=search_term_string\"}],\"inLanguage\":\"nl\"},{\"@type\":\"Organization\",\"@id\":\"https:\/\/www.mentorescale.be\/#organization\",\"name\":\"Mentor-Escale\",\"url\":\"https:\/\/www.mentorescale.be\/\",\"logo\":{\"@type\":\"ImageObject\",\"inLanguage\":\"nl\",\"@id\":\"https:\/\/www.mentorescale.be\/#\/schema\/logo\/image\/\",\"url\":\"https:\/\/www.mentorescale.be\/wp-content\/uploads\/2021\/03\/PICTO_OISEAU-carre.png\",\"contentUrl\":\"https:\/\/www.mentorescale.be\/wp-content\/uploads\/2021\/03\/PICTO_OISEAU-carre.png\",\"width\":512,\"height\":512,\"caption\":\"Mentor-Escale\"},\"image\":{\"@id\":\"https:\/\/www.mentorescale.be\/#\/schema\/logo\/image\/\"},\"sameAs\":[\"https:\/\/www.facebook.com\/mentorescaleASBL\/\",\"https:\/\/www.instagram.com\/mentor_escale\/?hl=fr\",\"https:\/\/be.linkedin.com\/company\/mentor---escale\",\"https:\/\/www.youtube.com\/channel\/UCnw8NLnwqoNoSrkWv3b1Psw\/videos\"]},{\"@type\":\"Person\",\"@id\":\"https:\/\/www.mentorescale.be\/#\/schema\/person\/8df656cfcdc9d354ad1c81ef1cf60544\",\"name\":\"Arnaud Paquet\",\"url\":\"https:\/\/www.mentorescale.be\/nl\/author\/apaquet\/\"}]}<\/script>\n<!-- \/ Yoast SEO plugin. -->","yoast_head_json":{"title":"\"Als ik me slecht voel, ga ik naar Mentor-Escale\" - Mentor-Escale","robots":{"index":"index","follow":"follow","max-snippet":"max-snippet:-1","max-image-preview":"max-image-preview:large","max-video-preview":"max-video-preview:-1"},"canonical":"https:\/\/www.mentorescale.be\/nl\/als-ik-me-slecht-voel-ga-ik-naar-mentor-escale\/","og_locale":"nl_NL","og_type":"article","og_title":"\"Als ik me slecht voel, ga ik naar Mentor-Escale\" - Mentor-Escale","og_description":"T\u00e9moignage de Chadia, arriv\u00e9e seule du Maroc en Belgique. Je suis n\u00e9e \u00e0 Casablanca, dans une famille tr\u00e8s modeste. Ma vie en tant que fille marocaine \u00e9tait de m\u2019occuper des t\u00e2ches m\u00e9nag\u00e8res. Pour ramener de l\u2019argent \u00e0 la famille, je devais penser \u00e0 me prostituer, c\u2019\u00e9tait le seul moyen pour les jeunes filles de ramener [&hellip;]","og_url":"https:\/\/www.mentorescale.be\/nl\/als-ik-me-slecht-voel-ga-ik-naar-mentor-escale\/","og_site_name":"Mentor-Escale","article_publisher":"https:\/\/www.facebook.com\/mentorescaleASBL\/","article_published_time":"2014-05-06T15:15:00+00:00","article_modified_time":"2024-10-30T12:49:07+00:00","og_image":[{"width":359,"height":265,"url":"https:\/\/www.mentorescale.be\/wp-content\/uploads\/2014\/05\/Chadia.jpg","type":"image\/jpeg"}],"author":"Arnaud Paquet","twitter_card":"summary_large_image","twitter_misc":{"Geschreven door":"Arnaud Paquet","Geschatte leestijd":"2 minuten"},"schema":{"@context":"https:\/\/schema.org","@graph":[{"@type":"Article","@id":"https:\/\/www.mentorescale.be\/nl\/als-ik-me-slecht-voel-ga-ik-naar-mentor-escale\/#article","isPartOf":{"@id":"https:\/\/www.mentorescale.be\/nl\/als-ik-me-slecht-voel-ga-ik-naar-mentor-escale\/"},"author":{"name":"Arnaud Paquet","@id":"https:\/\/www.mentorescale.be\/#\/schema\/person\/8df656cfcdc9d354ad1c81ef1cf60544"},"headline":"&#8220;Als ik me slecht voel, ga ik naar Mentor-Escale&#8221;","datePublished":"2014-05-06T15:15:00+00:00","dateModified":"2024-10-30T12:49:07+00:00","mainEntityOfPage":{"@id":"https:\/\/www.mentorescale.be\/nl\/als-ik-me-slecht-voel-ga-ik-naar-mentor-escale\/"},"wordCount":340,"commentCount":0,"publisher":{"@id":"https:\/\/www.mentorescale.be\/#organization"},"articleSection":["Getuigenissen"],"inLanguage":"nl","potentialAction":[{"@type":"CommentAction","name":"Comment","target":["https:\/\/www.mentorescale.be\/nl\/als-ik-me-slecht-voel-ga-ik-naar-mentor-escale\/#respond"]}]},{"@type":"WebPage","@id":"https:\/\/www.mentorescale.be\/nl\/als-ik-me-slecht-voel-ga-ik-naar-mentor-escale\/","url":"https:\/\/www.mentorescale.be\/nl\/als-ik-me-slecht-voel-ga-ik-naar-mentor-escale\/","name":"\"Als ik me slecht voel, ga ik naar Mentor-Escale\" - Mentor-Escale","isPartOf":{"@id":"https:\/\/www.mentorescale.be\/#website"},"datePublished":"2014-05-06T15:15:00+00:00","dateModified":"2024-10-30T12:49:07+00:00","breadcrumb":{"@id":"https:\/\/www.mentorescale.be\/nl\/als-ik-me-slecht-voel-ga-ik-naar-mentor-escale\/#breadcrumb"},"inLanguage":"nl","potentialAction":[{"@type":"ReadAction","target":["https:\/\/www.mentorescale.be\/nl\/als-ik-me-slecht-voel-ga-ik-naar-mentor-escale\/"]}]},{"@type":"BreadcrumbList","@id":"https:\/\/www.mentorescale.be\/nl\/als-ik-me-slecht-voel-ga-ik-naar-mentor-escale\/#breadcrumb","itemListElement":[{"@type":"ListItem","position":1,"name":"Home","item":"https:\/\/www.mentorescale.be\/"},{"@type":"ListItem","position":2,"name":"&#8220;Als ik me slecht voel, ga ik naar Mentor-Escale&#8221;"}]},{"@type":"WebSite","@id":"https:\/\/www.mentorescale.be\/#website","url":"https:\/\/www.mentorescale.be\/","name":"Mentor-Escale","description":"Accompagnement pour jeunes exil\u00e9s","publisher":{"@id":"https:\/\/www.mentorescale.be\/#organization"},"potentialAction":[{"@type":"SearchAction","target":{"@type":"EntryPoint","urlTemplate":"https:\/\/www.mentorescale.be\/?s={search_term_string}"},"query-input":"required name=search_term_string"}],"inLanguage":"nl"},{"@type":"Organization","@id":"https:\/\/www.mentorescale.be\/#organization","name":"Mentor-Escale","url":"https:\/\/www.mentorescale.be\/","logo":{"@type":"ImageObject","inLanguage":"nl","@id":"https:\/\/www.mentorescale.be\/#\/schema\/logo\/image\/","url":"https:\/\/www.mentorescale.be\/wp-content\/uploads\/2021\/03\/PICTO_OISEAU-carre.png","contentUrl":"https:\/\/www.mentorescale.be\/wp-content\/uploads\/2021\/03\/PICTO_OISEAU-carre.png","width":512,"height":512,"caption":"Mentor-Escale"},"image":{"@id":"https:\/\/www.mentorescale.be\/#\/schema\/logo\/image\/"},"sameAs":["https:\/\/www.facebook.com\/mentorescaleASBL\/","https:\/\/www.instagram.com\/mentor_escale\/?hl=fr","https:\/\/be.linkedin.com\/company\/mentor---escale","https:\/\/www.youtube.com\/channel\/UCnw8NLnwqoNoSrkWv3b1Psw\/videos"]},{"@type":"Person","@id":"https:\/\/www.mentorescale.be\/#\/schema\/person\/8df656cfcdc9d354ad1c81ef1cf60544","name":"Arnaud Paquet","url":"https:\/\/www.mentorescale.be\/nl\/author\/apaquet\/"}]}},"_links":{"self":[{"href":"https:\/\/www.mentorescale.be\/nl\/wp-json\/wp\/v2\/posts\/13080"}],"collection":[{"href":"https:\/\/www.mentorescale.be\/nl\/wp-json\/wp\/v2\/posts"}],"about":[{"href":"https:\/\/www.mentorescale.be\/nl\/wp-json\/wp\/v2\/types\/post"}],"author":[{"embeddable":true,"href":"https:\/\/www.mentorescale.be\/nl\/wp-json\/wp\/v2\/users\/5"}],"replies":[{"embeddable":true,"href":"https:\/\/www.mentorescale.be\/nl\/wp-json\/wp\/v2\/comments?post=13080"}],"version-history":[{"count":3,"href":"https:\/\/www.mentorescale.be\/nl\/wp-json\/wp\/v2\/posts\/13080\/revisions"}],"predecessor-version":[{"id":15706,"href":"https:\/\/www.mentorescale.be\/nl\/wp-json\/wp\/v2\/posts\/13080\/revisions\/15706"}],"wp:featuredmedia":[{"embeddable":true,"href":"https:\/\/www.mentorescale.be\/nl\/wp-json\/wp\/v2\/media\/13082"}],"wp:attachment":[{"href":"https:\/\/www.mentorescale.be\/nl\/wp-json\/wp\/v2\/media?parent=13080"}],"wp:term":[{"taxonomy":"category","embeddable":true,"href":"https:\/\/www.mentorescale.be\/nl\/wp-json\/wp\/v2\/categories?post=13080"},{"taxonomy":"post_tag","embeddable":true,"href":"https:\/\/www.mentorescale.be\/nl\/wp-json\/wp\/v2\/tags?post=13080"}],"curies":[{"name":"wp","href":"https:\/\/api.w.org\/{rel}","templated":true}]}}