{"id":13085,"date":"2014-05-05T17:17:00","date_gmt":"2014-05-05T15:17:00","guid":{"rendered":"https:\/\/www.mentorescale.be\/?p=13085"},"modified":"2024-10-30T13:49:08","modified_gmt":"2024-10-30T12:49:08","slug":"ik-kom-naar-mentor-escale-om-iemand-te-ontmoeten-die-ik-kan-vertrouwen-en-die-me-kan-begeleiden-in-mijn-toekomst","status":"publish","type":"post","link":"https:\/\/www.mentorescale.be\/nl\/ik-kom-naar-mentor-escale-om-iemand-te-ontmoeten-die-ik-kan-vertrouwen-en-die-me-kan-begeleiden-in-mijn-toekomst\/","title":{"rendered":"&#8220;Ik kom naar Mentor-Escale om iemand te ontmoeten die ik kan vertrouwen en die me kan begeleiden in mijn toekomst&#8221;"},"content":{"rendered":"\t\t<div data-elementor-type=\"wp-post\" data-elementor-id=\"13085\" class=\"elementor elementor-13085 elementor-2283\">\n\t\t\t\t\t\t\t\t\t<section class=\"elementor-section elementor-top-section elementor-element elementor-element-c3a22db elementor-section-boxed elementor-section-height-default elementor-section-height-default\" data-id=\"c3a22db\" data-element_type=\"section\" data-settings=\"{&quot;_ha_eqh_enable&quot;:false}\">\n\t\t\t\t\t\t<div class=\"elementor-container elementor-column-gap-default\">\n\t\t\t\t\t<div class=\"elementor-column elementor-col-100 elementor-top-column elementor-element elementor-element-353ed60\" data-id=\"353ed60\" data-element_type=\"column\">\n\t\t\t<div class=\"elementor-widget-wrap elementor-element-populated\">\n\t\t\t\t\t\t\t\t<div class=\"elementor-element elementor-element-3cd7c79 elementor-widget elementor-widget-text-editor\" data-id=\"3cd7c79\" data-element_type=\"widget\" data-widget_type=\"text-editor.default\">\n\t\t\t\t<div class=\"elementor-widget-container\">\n\t\t\t\t\t\t\t<p>T\u00e9moignage de Mawa, arriv\u00e9e de Guin\u00e9e en Belgique \u00e0 16 ans avec son enfant de 8 mois.<\/p>\t\t\t\t\t\t<\/div>\n\t\t\t\t<\/div>\n\t\t\t\t<div class=\"elementor-element elementor-element-2cee104 elementor-widget-divider--view-line elementor-widget elementor-widget-divider\" data-id=\"2cee104\" data-element_type=\"widget\" data-widget_type=\"divider.default\">\n\t\t\t\t<div class=\"elementor-widget-container\">\n\t\t\t\t\t<div class=\"elementor-divider\">\n\t\t\t<span class=\"elementor-divider-separator\">\n\t\t\t\t\t\t<\/span>\n\t\t<\/div>\n\t\t\t\t<\/div>\n\t\t\t\t<\/div>\n\t\t\t\t<div class=\"elementor-element elementor-element-f967edd elementor-widget elementor-widget-text-editor\" data-id=\"f967edd\" data-element_type=\"widget\" data-widget_type=\"text-editor.default\">\n\t\t\t\t<div class=\"elementor-widget-container\">\n\t\t\t\t\t\t\t<p>Je suis une r\u00e9fugi\u00e9e guin\u00e9enne. J\u2019ai quitt\u00e9 la Guin\u00e9e suite \u00e0 un mariage forc\u00e9. J\u2019ai subi des violences physiques et de la maltraitance de la part de mon mari. J\u2019ai fui mon pays apr\u00e8s cinq mois de mariage. J\u2019ai \u00e9t\u00e9 aid\u00e9e par la maman de ma meilleure amie qui m\u2019a trouv\u00e9 une personne de contact install\u00e9e en Belgique.<\/p><p>Lorsque je suis arriv\u00e9e en Belgique, j\u2019ai \u00e9t\u00e9 log\u00e9e chez une femme pendant une nuit. Le lendemain, elle m\u2019a emmen\u00e9e \u00e0 l\u2019Office des \u00c9trangers et apr\u00e8s un long entretien, j\u2019ai \u00e9t\u00e9 orient\u00e9e vers le Centre d\u2019Observation et d\u2019Orientation de Neder-Over-Heembeek. Au d\u00e9but, ce n\u2019\u00e9tait pas facile pour moi, mais, gr\u00e2ce \u00e0 l\u2019accueil et au soutien que j\u2019ai re\u00e7us de mon assistante sociale du centre ainsi que de toute l\u2019\u00e9quipe, les choses ont \u00e9t\u00e9 mieux. J\u2019ai consid\u00e9r\u00e9 mon assistante sociale comme ma m\u00e8re. Ma tutrice m\u2019a aussi beaucoup aid\u00e9e psychologiquement et m\u2019a donn\u00e9 un coup de main mat\u00e9riel.<\/p><p>Apr\u00e8s deux semaines, j\u2019ai \u00e9t\u00e9 transf\u00e9r\u00e9e au centre Fedasil de Florennes. \u00c7a a aussi \u00e9t\u00e9 difficile car je venais seulement de trouver mes rep\u00e8res dans le centre pr\u00e9c\u00e9dent et je m\u2019y sentais bien. Heureusement pour moi, j\u2019ai une amie de Neder-Over-Heembeek qui a \u00e9t\u00e9 aussi transf\u00e9r\u00e9e \u00e0 Florennes. \u00c7a m\u2019a aid\u00e9 pour me refaire de nouveaux amis. Mon assistante de Florennes m\u2019a aid\u00e9e \u00e0 me r\u00e9int\u00e9grer au sein du centre et au fur et \u00e0 mesure, je me suis li\u00e9e d\u2019amiti\u00e9 avec d\u2019autres jeunes.<\/p><p>Pour l\u2019\u00e9cole, j\u2019ai \u00e9t\u00e9 inscrite \u00e0 l\u2019ITN de Namur en classe-passerelle, ce qui m\u2019a permis d\u2019\u00eatre orient\u00e9e en 5e ann\u00e9e en technique de comptabilit\u00e9. Ensuite, j\u2019ai appris que j\u2019\u00e9tais enceinte. J\u2019ai alors \u00e9t\u00e9 transf\u00e9r\u00e9e vers le centre Fedasil de Rixensart. Pour \u00e9viter de rater mon ann\u00e9e scolaire, j\u2019ai \u00e9t\u00e9 inscrite en technique sociale, toujours en comptabilit\u00e9. Mais apr\u00e8s mon accouchement, j\u2019ai connu des difficult\u00e9s pour la continuit\u00e9 de ma scolarit\u00e9.<\/p><p>J\u2019ai connu Mentor-Escale via ma r\u00e9f\u00e9rente du centre. Elle m\u2019en a parl\u00e9 lorsque j\u2019ai \u00e9t\u00e9 reconnue r\u00e9fugi\u00e9e. Elle m\u2019a conseill\u00e9 d\u2019aller rencontrer ce service car ils aident les jeunes \u00e0 se d\u00e9brouiller seuls lorsqu\u2019ils doivent sortir du centre. J\u2019ai pu rencontrer l\u2019\u00e9quipe et discuter de mes probl\u00e8mes. Mon assistant social de Mentor-Escale m\u2019a expliqu\u00e9 que dans la vie, il y a toujours des moments un peu plus difficiles mais qu\u2019il faut toujours garder espoir et que si j\u2019ai des difficult\u00e9s, il sera l\u00e0 pour m\u2019accompagner et m\u2019aider \u00e0 les r\u00e9soudre. Il m\u2019a aussi fait comprendre que je suis jeune et que j\u2019ai encore beaucoup de choses \u00e0 vivre\u2026 Donc je dois me concentrer sur mes projets de vie. Je viens fr\u00e9quemment \u00e0 Mentor-Escale pour rencontrer quelqu\u2019un de confiance qui peut m\u2019orienter pour mon avenir. Mentor-Escale m\u2019aide ainsi \u00e0 avancer dans la vie avec mon enfant.<\/p><p>Avoir un enfant n\u2019est pas facile, mais j\u2019ai du soutien et \u00e7a m\u2019aide \u00e0 g\u00e9rer presque tout. En plus, je viens de trouver une place dans une cr\u00e8che pr\u00e8s de chez moi. Je cherchais depuis plusieurs mois pour pouvoir continuer mes \u00e9tudes car c\u2019est une fondamental pour mes projets. Je veux pouvoir m\u2019occuper de moi sans d\u00e9pendre d\u2019autres personnes et me battre pour mon enfant afin de lui \u00e9viter ce que j\u2019ai v\u00e9cu. Je veux qu\u2019il puisse avoir un lendemain meilleur.<\/p>\t\t\t\t\t\t<\/div>\n\t\t\t\t<\/div>\n\t\t\t\t\t<\/div>\n\t\t<\/div>\n\t\t\t\t\t\t\t<\/div>\n\t\t<\/section>\n\t\t\t\t<section class=\"elementor-section elementor-top-section elementor-element elementor-element-8fc86a2 elementor-section-boxed elementor-section-height-default elementor-section-height-default\" data-id=\"8fc86a2\" data-element_type=\"section\" data-settings=\"{&quot;_ha_eqh_enable&quot;:false}\">\n\t\t\t\t\t\t<div class=\"elementor-container elementor-column-gap-default\">\n\t\t\t\t\t<div class=\"elementor-column elementor-col-100 elementor-top-column elementor-element elementor-element-00ba03d\" data-id=\"00ba03d\" data-element_type=\"column\">\n\t\t\t<div class=\"elementor-widget-wrap elementor-element-populated\">\n\t\t\t\t\t\t\t\t<div class=\"elementor-element elementor-element-72f4a9f elementor-list-item-link-inline elementor-align-center elementor-mobile-align-center elementor-icon-list--layout-traditional elementor-widget elementor-widget-icon-list\" data-id=\"72f4a9f\" data-element_type=\"widget\" data-widget_type=\"icon-list.default\">\n\t\t\t\t<div class=\"elementor-widget-container\">\n\t\t\t\t\t<ul class=\"elementor-icon-list-items\">\n\t\t\t\t\t\t\t<li class=\"elementor-icon-list-item\">\n\t\t\t\t\t\t\t\t\t\t\t<a href=\"https:\/\/www.mentorescale.be\/nl\/suivre-news\/\">\n\n\t\t\t\t\t\t\t\t\t\t\t\t<span class=\"elementor-icon-list-icon\">\n\t\t\t\t\t\t\t<i aria-hidden=\"true\" class=\"fas fa-arrow-circle-right\"><\/i>\t\t\t\t\t\t<\/span>\n\t\t\t\t\t\t\t\t\t\t<span class=\"elementor-icon-list-text\">Terug naar de \"News\" pagina<\/span>\n\t\t\t\t\t\t\t\t\t\t\t<\/a>\n\t\t\t\t\t\t\t\t\t<\/li>\n\t\t\t\t\t\t<\/ul>\n\t\t\t\t<\/div>\n\t\t\t\t<\/div>\n\t\t\t\t\t<\/div>\n\t\t<\/div>\n\t\t\t\t\t\t\t<\/div>\n\t\t<\/section>\n\t\t\t\t\t\t\t<\/div>\n\t\t","protected":false},"excerpt":{"rendered":"<p>T\u00e9moignage de Mawa, arriv\u00e9e de Guin\u00e9e en Belgique \u00e0 16 ans avec son enfant de 8 mois. Je suis une r\u00e9fugi\u00e9e guin\u00e9enne. J\u2019ai quitt\u00e9 la Guin\u00e9e suite \u00e0 un mariage forc\u00e9. J\u2019ai subi des violences physiques et de la maltraitance de la part de mon mari. J\u2019ai fui mon pays apr\u00e8s cinq mois de mariage. [&hellip;]<\/p>\n","protected":false},"author":5,"featured_media":13087,"comment_status":"open","ping_status":"open","sticky":false,"template":"","format":"standard","meta":{"_mi_skip_tracking":false,"_monsterinsights_sitenote_active":false,"_monsterinsights_sitenote_note":"","_monsterinsights_sitenote_category":0,"footnotes":""},"categories":[119],"tags":[],"yoast_head":"<!-- This site is optimized with the Yoast SEO plugin v21.4 - https:\/\/yoast.com\/wordpress\/plugins\/seo\/ -->\n<title>&quot;Ik kom naar Mentor-Escale om iemand te ontmoeten die ik kan vertrouwen en die me kan begeleiden in mijn toekomst&quot; - Mentor-Escale<\/title>\n<meta name=\"robots\" content=\"index, follow, max-snippet:-1, max-image-preview:large, max-video-preview:-1\" \/>\n<link rel=\"canonical\" href=\"https:\/\/www.mentorescale.be\/nl\/ik-kom-naar-mentor-escale-om-iemand-te-ontmoeten-die-ik-kan-vertrouwen-en-die-me-kan-begeleiden-in-mijn-toekomst\/\" \/>\n<meta property=\"og:locale\" content=\"nl_NL\" \/>\n<meta property=\"og:type\" content=\"article\" \/>\n<meta property=\"og:title\" content=\"&quot;Ik kom naar Mentor-Escale om iemand te ontmoeten die ik kan vertrouwen en die me kan begeleiden in mijn toekomst&quot; - Mentor-Escale\" \/>\n<meta property=\"og:description\" content=\"T\u00e9moignage de Mawa, arriv\u00e9e de Guin\u00e9e en Belgique \u00e0 16 ans avec son enfant de 8 mois. Je suis une r\u00e9fugi\u00e9e guin\u00e9enne. J\u2019ai quitt\u00e9 la Guin\u00e9e suite \u00e0 un mariage forc\u00e9. J\u2019ai subi des violences physiques et de la maltraitance de la part de mon mari. J\u2019ai fui mon pays apr\u00e8s cinq mois de mariage. [&hellip;]\" \/>\n<meta property=\"og:url\" content=\"https:\/\/www.mentorescale.be\/nl\/ik-kom-naar-mentor-escale-om-iemand-te-ontmoeten-die-ik-kan-vertrouwen-en-die-me-kan-begeleiden-in-mijn-toekomst\/\" \/>\n<meta property=\"og:site_name\" content=\"Mentor-Escale\" \/>\n<meta property=\"article:publisher\" content=\"https:\/\/www.facebook.com\/mentorescaleASBL\/\" \/>\n<meta property=\"article:published_time\" content=\"2014-05-05T15:17:00+00:00\" \/>\n<meta property=\"article:modified_time\" content=\"2024-10-30T12:49:08+00:00\" \/>\n<meta property=\"og:image\" content=\"https:\/\/www.mentorescale.be\/wp-content\/uploads\/2016\/12\/HomeSlider.jpg\" \/>\n\t<meta property=\"og:image:width\" content=\"1252\" \/>\n\t<meta property=\"og:image:height\" content=\"669\" \/>\n\t<meta property=\"og:image:type\" content=\"image\/jpeg\" \/>\n<meta name=\"author\" content=\"Arnaud Paquet\" \/>\n<meta name=\"twitter:card\" content=\"summary_large_image\" \/>\n<meta name=\"twitter:label1\" content=\"Geschreven door\" \/>\n\t<meta name=\"twitter:data1\" content=\"Arnaud Paquet\" \/>\n\t<meta name=\"twitter:label2\" content=\"Geschatte leestijd\" \/>\n\t<meta name=\"twitter:data2\" content=\"3 minuten\" \/>\n<script type=\"application\/ld+json\" class=\"yoast-schema-graph\">{\"@context\":\"https:\/\/schema.org\",\"@graph\":[{\"@type\":\"Article\",\"@id\":\"https:\/\/www.mentorescale.be\/nl\/ik-kom-naar-mentor-escale-om-iemand-te-ontmoeten-die-ik-kan-vertrouwen-en-die-me-kan-begeleiden-in-mijn-toekomst\/#article\",\"isPartOf\":{\"@id\":\"https:\/\/www.mentorescale.be\/nl\/ik-kom-naar-mentor-escale-om-iemand-te-ontmoeten-die-ik-kan-vertrouwen-en-die-me-kan-begeleiden-in-mijn-toekomst\/\"},\"author\":{\"name\":\"Arnaud Paquet\",\"@id\":\"https:\/\/www.mentorescale.be\/#\/schema\/person\/8df656cfcdc9d354ad1c81ef1cf60544\"},\"headline\":\"&#8220;Ik kom naar Mentor-Escale om iemand te ontmoeten die ik kan vertrouwen en die me kan begeleiden in mijn toekomst&#8221;\",\"datePublished\":\"2014-05-05T15:17:00+00:00\",\"dateModified\":\"2024-10-30T12:49:08+00:00\",\"mainEntityOfPage\":{\"@id\":\"https:\/\/www.mentorescale.be\/nl\/ik-kom-naar-mentor-escale-om-iemand-te-ontmoeten-die-ik-kan-vertrouwen-en-die-me-kan-begeleiden-in-mijn-toekomst\/\"},\"wordCount\":677,\"commentCount\":0,\"publisher\":{\"@id\":\"https:\/\/www.mentorescale.be\/#organization\"},\"articleSection\":[\"Getuigenissen\"],\"inLanguage\":\"nl\",\"potentialAction\":[{\"@type\":\"CommentAction\",\"name\":\"Comment\",\"target\":[\"https:\/\/www.mentorescale.be\/nl\/ik-kom-naar-mentor-escale-om-iemand-te-ontmoeten-die-ik-kan-vertrouwen-en-die-me-kan-begeleiden-in-mijn-toekomst\/#respond\"]}]},{\"@type\":\"WebPage\",\"@id\":\"https:\/\/www.mentorescale.be\/nl\/ik-kom-naar-mentor-escale-om-iemand-te-ontmoeten-die-ik-kan-vertrouwen-en-die-me-kan-begeleiden-in-mijn-toekomst\/\",\"url\":\"https:\/\/www.mentorescale.be\/nl\/ik-kom-naar-mentor-escale-om-iemand-te-ontmoeten-die-ik-kan-vertrouwen-en-die-me-kan-begeleiden-in-mijn-toekomst\/\",\"name\":\"\\\"Ik kom naar Mentor-Escale om iemand te ontmoeten die ik kan vertrouwen en die me kan begeleiden in mijn toekomst\\\" - Mentor-Escale\",\"isPartOf\":{\"@id\":\"https:\/\/www.mentorescale.be\/#website\"},\"datePublished\":\"2014-05-05T15:17:00+00:00\",\"dateModified\":\"2024-10-30T12:49:08+00:00\",\"breadcrumb\":{\"@id\":\"https:\/\/www.mentorescale.be\/nl\/ik-kom-naar-mentor-escale-om-iemand-te-ontmoeten-die-ik-kan-vertrouwen-en-die-me-kan-begeleiden-in-mijn-toekomst\/#breadcrumb\"},\"inLanguage\":\"nl\",\"potentialAction\":[{\"@type\":\"ReadAction\",\"target\":[\"https:\/\/www.mentorescale.be\/nl\/ik-kom-naar-mentor-escale-om-iemand-te-ontmoeten-die-ik-kan-vertrouwen-en-die-me-kan-begeleiden-in-mijn-toekomst\/\"]}]},{\"@type\":\"BreadcrumbList\",\"@id\":\"https:\/\/www.mentorescale.be\/nl\/ik-kom-naar-mentor-escale-om-iemand-te-ontmoeten-die-ik-kan-vertrouwen-en-die-me-kan-begeleiden-in-mijn-toekomst\/#breadcrumb\",\"itemListElement\":[{\"@type\":\"ListItem\",\"position\":1,\"name\":\"Home\",\"item\":\"https:\/\/www.mentorescale.be\/\"},{\"@type\":\"ListItem\",\"position\":2,\"name\":\"&#8220;Ik kom naar Mentor-Escale om iemand te ontmoeten die ik kan vertrouwen en die me kan begeleiden in mijn toekomst&#8221;\"}]},{\"@type\":\"WebSite\",\"@id\":\"https:\/\/www.mentorescale.be\/#website\",\"url\":\"https:\/\/www.mentorescale.be\/\",\"name\":\"Mentor-Escale\",\"description\":\"Accompagnement pour jeunes exil\u00e9s\",\"publisher\":{\"@id\":\"https:\/\/www.mentorescale.be\/#organization\"},\"potentialAction\":[{\"@type\":\"SearchAction\",\"target\":{\"@type\":\"EntryPoint\",\"urlTemplate\":\"https:\/\/www.mentorescale.be\/?s={search_term_string}\"},\"query-input\":\"required name=search_term_string\"}],\"inLanguage\":\"nl\"},{\"@type\":\"Organization\",\"@id\":\"https:\/\/www.mentorescale.be\/#organization\",\"name\":\"Mentor-Escale\",\"url\":\"https:\/\/www.mentorescale.be\/\",\"logo\":{\"@type\":\"ImageObject\",\"inLanguage\":\"nl\",\"@id\":\"https:\/\/www.mentorescale.be\/#\/schema\/logo\/image\/\",\"url\":\"https:\/\/www.mentorescale.be\/wp-content\/uploads\/2021\/03\/PICTO_OISEAU-carre.png\",\"contentUrl\":\"https:\/\/www.mentorescale.be\/wp-content\/uploads\/2021\/03\/PICTO_OISEAU-carre.png\",\"width\":512,\"height\":512,\"caption\":\"Mentor-Escale\"},\"image\":{\"@id\":\"https:\/\/www.mentorescale.be\/#\/schema\/logo\/image\/\"},\"sameAs\":[\"https:\/\/www.facebook.com\/mentorescaleASBL\/\",\"https:\/\/www.instagram.com\/mentor_escale\/?hl=fr\",\"https:\/\/be.linkedin.com\/company\/mentor---escale\",\"https:\/\/www.youtube.com\/channel\/UCnw8NLnwqoNoSrkWv3b1Psw\/videos\"]},{\"@type\":\"Person\",\"@id\":\"https:\/\/www.mentorescale.be\/#\/schema\/person\/8df656cfcdc9d354ad1c81ef1cf60544\",\"name\":\"Arnaud Paquet\",\"url\":\"https:\/\/www.mentorescale.be\/nl\/author\/apaquet\/\"}]}<\/script>\n<!-- \/ Yoast SEO plugin. -->","yoast_head_json":{"title":"\"Ik kom naar Mentor-Escale om iemand te ontmoeten die ik kan vertrouwen en die me kan begeleiden in mijn toekomst\" - Mentor-Escale","robots":{"index":"index","follow":"follow","max-snippet":"max-snippet:-1","max-image-preview":"max-image-preview:large","max-video-preview":"max-video-preview:-1"},"canonical":"https:\/\/www.mentorescale.be\/nl\/ik-kom-naar-mentor-escale-om-iemand-te-ontmoeten-die-ik-kan-vertrouwen-en-die-me-kan-begeleiden-in-mijn-toekomst\/","og_locale":"nl_NL","og_type":"article","og_title":"\"Ik kom naar Mentor-Escale om iemand te ontmoeten die ik kan vertrouwen en die me kan begeleiden in mijn toekomst\" - Mentor-Escale","og_description":"T\u00e9moignage de Mawa, arriv\u00e9e de Guin\u00e9e en Belgique \u00e0 16 ans avec son enfant de 8 mois. Je suis une r\u00e9fugi\u00e9e guin\u00e9enne. J\u2019ai quitt\u00e9 la Guin\u00e9e suite \u00e0 un mariage forc\u00e9. J\u2019ai subi des violences physiques et de la maltraitance de la part de mon mari. J\u2019ai fui mon pays apr\u00e8s cinq mois de mariage. [&hellip;]","og_url":"https:\/\/www.mentorescale.be\/nl\/ik-kom-naar-mentor-escale-om-iemand-te-ontmoeten-die-ik-kan-vertrouwen-en-die-me-kan-begeleiden-in-mijn-toekomst\/","og_site_name":"Mentor-Escale","article_publisher":"https:\/\/www.facebook.com\/mentorescaleASBL\/","article_published_time":"2014-05-05T15:17:00+00:00","article_modified_time":"2024-10-30T12:49:08+00:00","og_image":[{"width":1252,"height":669,"url":"https:\/\/www.mentorescale.be\/wp-content\/uploads\/2016\/12\/HomeSlider.jpg","type":"image\/jpeg"}],"author":"Arnaud Paquet","twitter_card":"summary_large_image","twitter_misc":{"Geschreven door":"Arnaud Paquet","Geschatte leestijd":"3 minuten"},"schema":{"@context":"https:\/\/schema.org","@graph":[{"@type":"Article","@id":"https:\/\/www.mentorescale.be\/nl\/ik-kom-naar-mentor-escale-om-iemand-te-ontmoeten-die-ik-kan-vertrouwen-en-die-me-kan-begeleiden-in-mijn-toekomst\/#article","isPartOf":{"@id":"https:\/\/www.mentorescale.be\/nl\/ik-kom-naar-mentor-escale-om-iemand-te-ontmoeten-die-ik-kan-vertrouwen-en-die-me-kan-begeleiden-in-mijn-toekomst\/"},"author":{"name":"Arnaud Paquet","@id":"https:\/\/www.mentorescale.be\/#\/schema\/person\/8df656cfcdc9d354ad1c81ef1cf60544"},"headline":"&#8220;Ik kom naar Mentor-Escale om iemand te ontmoeten die ik kan vertrouwen en die me kan begeleiden in mijn toekomst&#8221;","datePublished":"2014-05-05T15:17:00+00:00","dateModified":"2024-10-30T12:49:08+00:00","mainEntityOfPage":{"@id":"https:\/\/www.mentorescale.be\/nl\/ik-kom-naar-mentor-escale-om-iemand-te-ontmoeten-die-ik-kan-vertrouwen-en-die-me-kan-begeleiden-in-mijn-toekomst\/"},"wordCount":677,"commentCount":0,"publisher":{"@id":"https:\/\/www.mentorescale.be\/#organization"},"articleSection":["Getuigenissen"],"inLanguage":"nl","potentialAction":[{"@type":"CommentAction","name":"Comment","target":["https:\/\/www.mentorescale.be\/nl\/ik-kom-naar-mentor-escale-om-iemand-te-ontmoeten-die-ik-kan-vertrouwen-en-die-me-kan-begeleiden-in-mijn-toekomst\/#respond"]}]},{"@type":"WebPage","@id":"https:\/\/www.mentorescale.be\/nl\/ik-kom-naar-mentor-escale-om-iemand-te-ontmoeten-die-ik-kan-vertrouwen-en-die-me-kan-begeleiden-in-mijn-toekomst\/","url":"https:\/\/www.mentorescale.be\/nl\/ik-kom-naar-mentor-escale-om-iemand-te-ontmoeten-die-ik-kan-vertrouwen-en-die-me-kan-begeleiden-in-mijn-toekomst\/","name":"\"Ik kom naar Mentor-Escale om iemand te ontmoeten die ik kan vertrouwen en die me kan begeleiden in mijn toekomst\" - Mentor-Escale","isPartOf":{"@id":"https:\/\/www.mentorescale.be\/#website"},"datePublished":"2014-05-05T15:17:00+00:00","dateModified":"2024-10-30T12:49:08+00:00","breadcrumb":{"@id":"https:\/\/www.mentorescale.be\/nl\/ik-kom-naar-mentor-escale-om-iemand-te-ontmoeten-die-ik-kan-vertrouwen-en-die-me-kan-begeleiden-in-mijn-toekomst\/#breadcrumb"},"inLanguage":"nl","potentialAction":[{"@type":"ReadAction","target":["https:\/\/www.mentorescale.be\/nl\/ik-kom-naar-mentor-escale-om-iemand-te-ontmoeten-die-ik-kan-vertrouwen-en-die-me-kan-begeleiden-in-mijn-toekomst\/"]}]},{"@type":"BreadcrumbList","@id":"https:\/\/www.mentorescale.be\/nl\/ik-kom-naar-mentor-escale-om-iemand-te-ontmoeten-die-ik-kan-vertrouwen-en-die-me-kan-begeleiden-in-mijn-toekomst\/#breadcrumb","itemListElement":[{"@type":"ListItem","position":1,"name":"Home","item":"https:\/\/www.mentorescale.be\/"},{"@type":"ListItem","position":2,"name":"&#8220;Ik kom naar Mentor-Escale om iemand te ontmoeten die ik kan vertrouwen en die me kan begeleiden in mijn toekomst&#8221;"}]},{"@type":"WebSite","@id":"https:\/\/www.mentorescale.be\/#website","url":"https:\/\/www.mentorescale.be\/","name":"Mentor-Escale","description":"Accompagnement pour jeunes exil\u00e9s","publisher":{"@id":"https:\/\/www.mentorescale.be\/#organization"},"potentialAction":[{"@type":"SearchAction","target":{"@type":"EntryPoint","urlTemplate":"https:\/\/www.mentorescale.be\/?s={search_term_string}"},"query-input":"required name=search_term_string"}],"inLanguage":"nl"},{"@type":"Organization","@id":"https:\/\/www.mentorescale.be\/#organization","name":"Mentor-Escale","url":"https:\/\/www.mentorescale.be\/","logo":{"@type":"ImageObject","inLanguage":"nl","@id":"https:\/\/www.mentorescale.be\/#\/schema\/logo\/image\/","url":"https:\/\/www.mentorescale.be\/wp-content\/uploads\/2021\/03\/PICTO_OISEAU-carre.png","contentUrl":"https:\/\/www.mentorescale.be\/wp-content\/uploads\/2021\/03\/PICTO_OISEAU-carre.png","width":512,"height":512,"caption":"Mentor-Escale"},"image":{"@id":"https:\/\/www.mentorescale.be\/#\/schema\/logo\/image\/"},"sameAs":["https:\/\/www.facebook.com\/mentorescaleASBL\/","https:\/\/www.instagram.com\/mentor_escale\/?hl=fr","https:\/\/be.linkedin.com\/company\/mentor---escale","https:\/\/www.youtube.com\/channel\/UCnw8NLnwqoNoSrkWv3b1Psw\/videos"]},{"@type":"Person","@id":"https:\/\/www.mentorescale.be\/#\/schema\/person\/8df656cfcdc9d354ad1c81ef1cf60544","name":"Arnaud Paquet","url":"https:\/\/www.mentorescale.be\/nl\/author\/apaquet\/"}]}},"_links":{"self":[{"href":"https:\/\/www.mentorescale.be\/nl\/wp-json\/wp\/v2\/posts\/13085"}],"collection":[{"href":"https:\/\/www.mentorescale.be\/nl\/wp-json\/wp\/v2\/posts"}],"about":[{"href":"https:\/\/www.mentorescale.be\/nl\/wp-json\/wp\/v2\/types\/post"}],"author":[{"embeddable":true,"href":"https:\/\/www.mentorescale.be\/nl\/wp-json\/wp\/v2\/users\/5"}],"replies":[{"embeddable":true,"href":"https:\/\/www.mentorescale.be\/nl\/wp-json\/wp\/v2\/comments?post=13085"}],"version-history":[{"count":3,"href":"https:\/\/www.mentorescale.be\/nl\/wp-json\/wp\/v2\/posts\/13085\/revisions"}],"predecessor-version":[{"id":15708,"href":"https:\/\/www.mentorescale.be\/nl\/wp-json\/wp\/v2\/posts\/13085\/revisions\/15708"}],"wp:featuredmedia":[{"embeddable":true,"href":"https:\/\/www.mentorescale.be\/nl\/wp-json\/wp\/v2\/media\/13087"}],"wp:attachment":[{"href":"https:\/\/www.mentorescale.be\/nl\/wp-json\/wp\/v2\/media?parent=13085"}],"wp:term":[{"taxonomy":"category","embeddable":true,"href":"https:\/\/www.mentorescale.be\/nl\/wp-json\/wp\/v2\/categories?post=13085"},{"taxonomy":"post_tag","embeddable":true,"href":"https:\/\/www.mentorescale.be\/nl\/wp-json\/wp\/v2\/tags?post=13085"}],"curies":[{"name":"wp","href":"https:\/\/api.w.org\/{rel}","templated":true}]}}